{"id":3729,"date":"2026-01-29T15:23:21","date_gmt":"2026-01-29T18:23:21","guid":{"rendered":"https:\/\/sevenredes.com.br\/blog\/?p=3729"},"modified":"2026-01-29T15:23:27","modified_gmt":"2026-01-29T18:23:27","slug":"beneficios-das-telas-mosquiteiras-para-janelas-com-perfil-de-aluminio-e-anti-chamas","status":"publish","type":"post","link":"https:\/\/www.sevenredes.com.br\/blog\/beneficios-das-telas-mosquiteiras-para-janelas-com-perfil-de-aluminio-e-anti-chamas\/","title":{"rendered":"Benef\u00edcios das telas mosquiteiras para janelas com perfil de alum\u00ednio e anti chamas"},"content":{"rendered":"<span class=\"span-reading-time rt-reading-time\" style=\"display: block;\"><span class=\"rt-label rt-prefix\">Tempo de leitura:<\/span> <span class=\"rt-time\"> 3<\/span> <span class=\"rt-label rt-postfix\">minutos<\/span><\/span>\n<p class=\"has-medium-font-size\"><strong><em>Proteja sua fam\u00edlia com telas mosquiteiras para janelas em perfil de alum\u00ednio e material antichamas. Alie seguran\u00e7a, durabilidade e higiene em sua casa.<\/em><\/strong><\/p>\n\n\n\n<p>Viver em um pa\u00eds tropical como o Brasil exige solu\u00e7\u00f5es inteligentes para manter o conforto t\u00e9rmico e a higiene dos ambientes. A presen\u00e7a de insetos vetores de doen\u00e7as e o ac\u00famulo de poeira s\u00e3o desafios constantes para propriet\u00e1rios e profissionais da constru\u00e7\u00e3o civil.<\/p>\n\n\n\n<p>Nesse cen\u00e1rio, as telas mosquiteiras para janelas deixaram de ser um acess\u00f3rio opcional para se tornarem itens essenciais. Elas garantem a circula\u00e7\u00e3o de ar puro sem comprometer a integridade da sua fam\u00edlia ou a est\u00e9tica do projeto arquitet\u00f4nico.<\/p>\n\n\n\n<p>Optar por sistemas que utilizam perfil de alum\u00ednio e malhas antichamas \u00e9 o diferencial que separa uma solu\u00e7\u00e3o tempor\u00e1ria de um investimento duradouro. Entender essa tecnologia \u00e9 o primeiro passo para garantir um ambiente seguro e em conformidade com as normas t\u00e9cnicas.<\/p>\n\n\n\n<h2 class=\"wp-block-heading\"><strong>Por que investir em telas mosquiteiras para janelas com perfil de alum\u00ednio?<\/strong><\/h2>\n\n\n\n<p>O uso do perfil de alum\u00ednio na estrutura da <strong>tela mosquiteira<\/strong> oferece uma resist\u00eancia mec\u00e2nica superior em compara\u00e7\u00e3o a materiais pl\u00e1sticos ou fixa\u00e7\u00f5es adesivas. O alum\u00ednio n\u00e3o oxida, n\u00e3o resseca com a exposi\u00e7\u00e3o ao sol e mant\u00e9m o tensionamento da malha por muito mais tempo.<\/p>\n\n\n\n<p>Para profissionais da constru\u00e7\u00e3o, essa robustez significa menos manuten\u00e7\u00e3o e maior satisfa\u00e7\u00e3o do cliente final. A estrutura met\u00e1lica permite uma instala\u00e7\u00e3o precisa, que veda perfeitamente as frestas, impedindo a entrada de mosquitos, moscas e at\u00e9 pequenos r\u00e9pteis.<\/p>\n\n\n\n<p>Al\u00e9m da funcionalidade, o acabamento em pintura eletrost\u00e1tica permite que a <strong>tela de prote\u00e7\u00e3o contra insetos<\/strong> se integre visualmente \u00e0s esquadrias j\u00e1 existentes. Isso preserva a harmonia da fachada e valoriza o valor de mercado do im\u00f3vel.<\/p>\n\n\n\n<ul class=\"wp-block-list\">\n<li><a href=\"https:\/\/sevenredes.com.br\/blog\/telas-mosquiteiras-na-zona-sul-onde-encontrar-o-melhor-fornecedor\/\">Telas mosquiteiras na zona sul: onde encontrar o melhor fornecedor<\/a><\/li>\n<\/ul>\n\n\n\n<h3 class=\"wp-block-heading\"><strong>A tecnologia por tr\u00e1s da malha antichamas<\/strong><\/h3>\n\n\n\n<p>A seguran\u00e7a contra inc\u00eandios \u00e9 uma prioridade em projetos modernos e condom\u00ednios de alto padr\u00e3o. Nossas telas s\u00e3o confeccionadas em fibra de vidro revestida com PVC, um material que possui propriedades de extin\u00e7\u00e3o autom\u00e1tica de chama.<\/p>\n\n\n\n<p>Diferente de telas de nylon comuns, que podem propagar fogo rapidamente, a malha tecnol\u00f3gica que utilizamos n\u00e3o alimenta a combust\u00e3o. Isso oferece uma camada extra de prote\u00e7\u00e3o passiva para resid\u00eancias e estabelecimentos comerciais.<\/p>\n\n\n\n<p>Essa caracter\u00edstica \u00e9 fundamental para atender normas de seguran\u00e7a e garantir a tranquilidade de quem busca prote\u00e7\u00e3o sem abrir m\u00e3o da precau\u00e7\u00e3o contra acidentes dom\u00e9sticos.<\/p>\n\n\n\n<h2 class=\"wp-block-heading\"><strong>Crit\u00e9rios t\u00e9cnicos para a escolha da tela de prote\u00e7\u00e3o contra insetos ideal<\/strong><\/h2>\n\n\n\n<p>Ao selecionar <strong>telas mosquiteiras para janelas<\/strong>, \u00e9 preciso observar a densidade da trama. Uma malha muito fechada impede a ventila\u00e7\u00e3o, enquanto uma muito aberta permite a passagem de insetos menores, como o mosquito da dengue.<\/p>\n\n\n\n<p>Nossas solu\u00e7\u00f5es s\u00e3o projetadas para oferecer o equil\u00edbrio perfeito entre visibilidade e prote\u00e7\u00e3o. A malha \u00e9 fina o suficiente para ser quase impercept\u00edvel aos olhos, mantendo a luminosidade natural e a troca de ar constante no ambiente interno.<\/p>\n\n\n\n<p>A instala\u00e7\u00e3o profissional tamb\u00e9m \u00e9 um ponto cr\u00edtico. Uma tela mal instalada perde sua efic\u00e1cia e pode danificar a esquadria da janela. Por isso, trabalhamos com sistemas sob medida que se adaptam a diferentes tipos de abertura, como correr, basculante ou integrado.<\/p>\n\n\n\n<ul class=\"wp-block-list\">\n<li><a href=\"https:\/\/sevenredes.com.br\/blog\/como-escolher-redes-de-protecao-para-gatos-com-malha-reforcada\/\">Como escolher redes de prote\u00e7\u00e3o para gatos com malha refor\u00e7ada e prote\u00e7\u00e3o UV<\/a><\/li>\n<\/ul>\n\n\n\n<h2 class=\"wp-block-heading\"><strong>Por que a Seven Redes \u00e9 refer\u00eancia em prote\u00e7\u00e3o patrimonial?<\/strong><\/h2>\n\n\n\n<p>Na Seven Redes, compreendemos que prote\u00e7\u00e3o \u00e9 um conceito que envolve t\u00e9cnica, materiais de primeira linha e um atendimento consultivo especializado. N\u00e3o entregamos apenas produtos; entregamos tranquilidade para lares e empresas.<\/p>\n\n\n\n<p>Nossa trajet\u00f3ria \u00e9 marcada pelo compromisso com a qualidade m\u00e1xima em redes de prote\u00e7\u00e3o e <strong>telas mosquiteiras para janelas<\/strong>. Utilizamos componentes que suportam as varia\u00e7\u00f5es clim\u00e1ticas brasileiras, garantindo que o seu investimento permane\u00e7a intacto por anos.<\/p>\n\n\n\n<p>Nossa equipe t\u00e9cnica \u00e9 treinada para realizar instala\u00e7\u00f5es limpas e eficientes, respeitando as normas de seguran\u00e7a e a est\u00e9tica do seu im\u00f3vel. \u00c9 essa dedica\u00e7\u00e3o ao detalhe que nos posiciona como refer\u00eancia no setor de prote\u00e7\u00e3o residencial e comercial.<\/p>\n\n\n\n<h2 class=\"wp-block-heading\"><strong>Sua casa livre de invasores com telas mosquiteiras para janelas<\/strong><\/h2>\n\n\n\n<p>Investir em uma <strong>tela de prote\u00e7\u00e3o contra insetos<\/strong> de alta performance \u00e9 a maneira mais sustent\u00e1vel e eficaz de garantir higiene e sa\u00fade. Voc\u00ea elimina a necessidade de inseticidas qu\u00edmicos e mant\u00e9m sua casa sempre fresca e ventilada.<\/p>\n\n\n\n<p>Recapitulando, a uni\u00e3o do perfil de alum\u00ednio com a malha antichamas oferece durabilidade, seguran\u00e7a contra inc\u00eandios e uma est\u00e9tica impec\u00e1vel. \u00c9 a solu\u00e7\u00e3o definitiva para quem n\u00e3o aceita menos que a excel\u00eancia em seu projeto ou resid\u00eancia.<\/p>\n\n\n\n<p>D\u00ea o pr\u00f3ximo passo para transformar o conforto do seu im\u00f3vel.<a href=\"https:\/\/sevenredes.com.br\/\"> Entre em contato com a equipe da Seven Redes<\/a> e solicite um or\u00e7amento personalizado para as suas janelas hoje mesmo.<\/p>\n\n\n\n<p><strong>Gostou deste guia t\u00e9cnico?<\/strong> Explore nosso site para conhecer outras solu\u00e7\u00f5es de seguran\u00e7a e prote\u00e7\u00e3o que podem elevar o padr\u00e3o de vida da sua fam\u00edlia.<\/p>\n\n\n\n<p><\/p>\n","protected":false},"excerpt":{"rendered":"<p><span class=\"span-reading-time rt-reading-time\" style=\"display: block;\"><span class=\"rt-label rt-prefix\">Tempo de leitura:<\/span> <span class=\"rt-time\"> 3<\/span> <span class=\"rt-label rt-postfix\">minutos<\/span><\/span>Proteja sua fam\u00edlia com telas mosquiteiras para janelas em perfil de alum\u00ednio e material antichamas. Alie seguran\u00e7a, durabilidade e higiene em sua casa. Viver em um pa\u00eds tropical como o Brasil exige solu\u00e7\u00f5es inteligentes para manter o conforto t\u00e9rmico e a higiene dos ambientes. A presen\u00e7a de insetos vetores de doen\u00e7as e o ac\u00famulo de poeira s\u00e3o desafios constantes para propriet\u00e1rios e profissionais da constru\u00e7\u00e3o civil. Nesse cen\u00e1rio, as telas mosquiteiras para janelas deixaram de ser um acess\u00f3rio opcional para se tornarem itens essenciais. Elas garantem a circula\u00e7\u00e3o de ar puro sem comprometer a integridade da sua fam\u00edlia ou a est\u00e9tica do projeto arquitet\u00f4nico. Optar por sistemas que utilizam perfil de alum\u00ednio e malhas antichamas \u00e9 o diferencial que separa uma solu\u00e7\u00e3o tempor\u00e1ria de um investimento duradouro. Entender essa tecnologia \u00e9 o primeiro passo para garantir um ambiente seguro e em conformidade com as normas t\u00e9cnicas. Por que investir em telas mosquiteiras para janelas com perfil de alum\u00ednio? O uso do perfil de alum\u00ednio na estrutura da tela mosquiteira oferece uma resist\u00eancia mec\u00e2nica superior em compara\u00e7\u00e3o a materiais pl\u00e1sticos ou fixa\u00e7\u00f5es adesivas. O alum\u00ednio n\u00e3o oxida, n\u00e3o resseca com a exposi\u00e7\u00e3o ao sol e mant\u00e9m o tensionamento da malha por muito mais tempo. Para profissionais da constru\u00e7\u00e3o, essa robustez significa menos manuten\u00e7\u00e3o e maior satisfa\u00e7\u00e3o do cliente final. A estrutura met\u00e1lica permite uma instala\u00e7\u00e3o precisa, que veda perfeitamente as frestas, impedindo a entrada de mosquitos, moscas e at\u00e9 pequenos r\u00e9pteis. Al\u00e9m da funcionalidade, o acabamento em pintura eletrost\u00e1tica permite que a tela de prote\u00e7\u00e3o contra insetos se integre visualmente \u00e0s esquadrias j\u00e1 existentes. Isso preserva a harmonia da fachada e valoriza o valor de mercado do im\u00f3vel. A tecnologia por tr\u00e1s da malha antichamas A seguran\u00e7a contra inc\u00eandios \u00e9 uma prioridade em projetos modernos e condom\u00ednios de alto padr\u00e3o. Nossas telas s\u00e3o confeccionadas em fibra de vidro revestida com PVC, um material que possui propriedades de extin\u00e7\u00e3o autom\u00e1tica de chama. Diferente de telas de nylon comuns, que podem propagar fogo rapidamente, a malha tecnol\u00f3gica que utilizamos n\u00e3o alimenta a combust\u00e3o. Isso oferece uma camada extra de prote\u00e7\u00e3o passiva para resid\u00eancias e estabelecimentos comerciais. Essa caracter\u00edstica \u00e9 fundamental para atender normas de seguran\u00e7a e garantir a tranquilidade de quem busca prote\u00e7\u00e3o sem abrir m\u00e3o da precau\u00e7\u00e3o contra acidentes dom\u00e9sticos. Crit\u00e9rios t\u00e9cnicos para a escolha da tela de prote\u00e7\u00e3o contra insetos ideal Ao selecionar telas mosquiteiras para janelas, \u00e9 preciso observar a densidade da trama. Uma malha muito fechada impede a ventila\u00e7\u00e3o, enquanto uma muito aberta permite a passagem de insetos menores, como o mosquito da dengue. Nossas solu\u00e7\u00f5es s\u00e3o projetadas para oferecer o equil\u00edbrio perfeito entre visibilidade e prote\u00e7\u00e3o. A malha \u00e9 fina o suficiente para ser quase impercept\u00edvel aos olhos, mantendo a luminosidade natural e a troca de ar constante no ambiente interno. A instala\u00e7\u00e3o profissional tamb\u00e9m \u00e9 um ponto cr\u00edtico. Uma tela mal instalada perde sua efic\u00e1cia e pode danificar a esquadria da janela. Por isso, trabalhamos com sistemas sob medida que se adaptam a diferentes tipos de abertura, como correr, basculante ou integrado. Por que a Seven Redes \u00e9 refer\u00eancia em prote\u00e7\u00e3o patrimonial? Na Seven Redes, compreendemos que prote\u00e7\u00e3o \u00e9 um conceito que envolve t\u00e9cnica, materiais de primeira linha e um atendimento consultivo especializado. N\u00e3o entregamos apenas produtos; entregamos tranquilidade para lares e empresas. Nossa trajet\u00f3ria \u00e9 marcada pelo compromisso com a qualidade m\u00e1xima em redes de prote\u00e7\u00e3o e telas mosquiteiras para janelas. Utilizamos componentes que suportam as varia\u00e7\u00f5es clim\u00e1ticas brasileiras, garantindo que o seu investimento permane\u00e7a intacto por anos. Nossa equipe t\u00e9cnica \u00e9 treinada para realizar instala\u00e7\u00f5es limpas e eficientes, respeitando as normas de seguran\u00e7a e a est\u00e9tica do seu im\u00f3vel. \u00c9 essa dedica\u00e7\u00e3o ao detalhe que nos posiciona como refer\u00eancia no setor de prote\u00e7\u00e3o residencial e comercial. Sua casa livre de invasores com telas mosquiteiras para janelas Investir em uma tela de prote\u00e7\u00e3o contra insetos de alta performance \u00e9 a maneira mais sustent\u00e1vel e eficaz de garantir higiene e sa\u00fade. Voc\u00ea elimina a necessidade de inseticidas qu\u00edmicos e mant\u00e9m sua casa sempre fresca e ventilada. Recapitulando, a uni\u00e3o do perfil de alum\u00ednio com a malha antichamas oferece durabilidade, seguran\u00e7a contra inc\u00eandios e uma est\u00e9tica impec\u00e1vel. \u00c9 a solu\u00e7\u00e3o definitiva para quem n\u00e3o aceita menos que a excel\u00eancia em seu projeto ou resid\u00eancia. D\u00ea o pr\u00f3ximo passo para transformar o conforto do seu im\u00f3vel. Entre em contato com a equipe da Seven Redes e solicite um or\u00e7amento personalizado para as suas janelas hoje mesmo. Gostou deste guia t\u00e9cnico? Explore nosso site para conhecer outras solu\u00e7\u00f5es de seguran\u00e7a e prote\u00e7\u00e3o que podem elevar o padr\u00e3o de vida da sua fam\u00edlia.<\/p>\n","protected":false},"author":1,"featured_media":3730,"comment_status":"open","ping_status":"open","sticky":false,"template":"","format":"standard","meta":{"footnotes":""},"categories":[2522],"tags":[2596,2563,2594,2564,2595,2565,2598,2608,2621,2617,2622,2616,2610,2620,2623,2619,2602,2601,2599,2624,2606,2605,2614,2609,2607,2615,2618,2613,2611,2612,2597,2603,2600,2604,2566,2577,2588,2585,2591,2586,2579,2590,2592,2589,2574,2570,2567,2593,2576,2573,2582,2578,2575,2584,2587,2581,2580,2583,2568,2572,2569,2571],"class_list":["post-3729","post","type-post","status-publish","format-standard","has-post-thumbnail","hentry","category-tela-mosquiteira","tag-fabrica-de-tela-de-protecao-contra-inseto","tag-fabrica-de-tela-mosquiteira","tag-fabricante-de-tela-de-protecao-contra-inseto","tag-fabricante-de-tela-mosquiteira","tag-fornecedor-de-tela-de-protecao-contra-inseto","tag-fornecedor-de-tela-mosquiteira","tag-tela-de-protecao-contra-inseto-comprar","tag-tela-de-protecao-contra-inseto-em-campo-limpo","tag-tela-de-protecao-contra-inseto-em-diadema","tag-tela-de-protecao-contra-inseto-em-guarulhos","tag-tela-de-protecao-contra-inseto-em-osasco","tag-tela-de-protecao-contra-inseto-em-paraisopolis","tag-tela-de-protecao-contra-inseto-em-santo-amaro","tag-tela-de-protecao-contra-inseto-em-santo-andre","tag-tela-de-protecao-contra-inseto-em-sao-bernardo","tag-tela-de-protecao-contra-inseto-em-sao-caetano","tag-tela-de-protecao-contra-inseto-em-sao-paulo","tag-tela-de-protecao-contra-inseto-em-sp","tag-tela-de-protecao-contra-inseto-empresa","tag-tela-de-protecao-contra-inseto-na-baixada-santista","tag-tela-de-protecao-contra-inseto-na-vila-andrade","tag-tela-de-protecao-contra-inseto-na-zona-leste","tag-tela-de-protecao-contra-inseto-na-zona-norte","tag-tela-de-protecao-contra-inseto-na-zona-oeste","tag-tela-de-protecao-contra-inseto-na-zona-sul","tag-tela-de-protecao-contra-inseto-no-abc","tag-tela-de-protecao-contra-inseto-no-brooklin","tag-tela-de-protecao-contra-inseto-no-capao-redondo","tag-tela-de-protecao-contra-inseto-no-centro","tag-tela-de-protecao-contra-inseto-no-taboao-da-serra","tag-tela-de-protecao-contra-inseto-onde-encontrar","tag-tela-de-protecao-contra-inseto-perto-de-mim","tag-tela-de-protecao-contra-inseto-preco","tag-tela-de-protecao-contra-inseto-proximo-a-mim","tag-tela-mosquiteira-comprar","tag-tela-mosquiteira-em-campo-limpo","tag-tela-mosquiteira-em-diadema","tag-tela-mosquiteira-em-guarulhos","tag-tela-mosquiteira-em-osasco","tag-tela-mosquiteira-em-paraisopolis","tag-tela-mosquiteira-em-santo-amaro","tag-tela-mosquiteira-em-santo-andre","tag-tela-mosquiteira-em-sao-bernardo","tag-tela-mosquiteira-em-sao-caetano","tag-tela-mosquiteira-em-sao-paulo","tag-tela-mosquiteira-em-sp","tag-tela-mosquiteira-empresa","tag-tela-mosquiteira-na-baixada-santista","tag-tela-mosquiteira-na-vila-andrade","tag-tela-mosquiteira-na-zona-leste","tag-tela-mosquiteira-na-zona-norte","tag-tela-mosquiteira-na-zona-oeste","tag-tela-mosquiteira-na-zona-sul","tag-tela-mosquiteira-no-abc","tag-tela-mosquiteira-no-brooklin","tag-tela-mosquiteira-no-capao-redondo","tag-tela-mosquiteira-no-centro","tag-tela-mosquiteira-no-taboao-da-serra","tag-tela-mosquiteira-onde-encontrar","tag-tela-mosquiteira-perto-de-mim","tag-tela-mosquiteira-preco","tag-tela-mosquiteira-proximo-a-mim"],"yoast_head":"<!-- This site is optimized with the Yoast SEO plugin v26.8 - https:\/\/yoast.com\/product\/yoast-seo-wordpress\/ -->\n<title>Benef\u00edcios das telas mosquiteiras para janelas com perfil de alum\u00ednio e anti chamas<\/title>\n<meta name=\"description\" content=\"Proteja sua fam\u00edlia com telas mosquiteiras para janelas em perfil de alum\u00ednio e material antichamas. Alie seguran\u00e7a, durabilidade e higiene em sua casa.\" \/>\n<meta name=\"robots\" content=\"index, follow, max-snippet:-1, max-image-preview:large, max-video-preview:-1\" \/>\n<link rel=\"canonical\" href=\"https:\/\/www.sevenredes.com.br\/blog\/beneficios-das-telas-mosquiteiras-para-janelas-com-perfil-de-aluminio-e-anti-chamas\/\" \/>\n<meta property=\"og:locale\" content=\"pt_BR\" \/>\n<meta property=\"og:type\" content=\"article\" \/>\n<meta property=\"og:title\" content=\"Benef\u00edcios das telas mosquiteiras para janelas com perfil de alum\u00ednio e anti chamas\" \/>\n<meta property=\"og:description\" content=\"Proteja sua fam\u00edlia com telas mosquiteiras para janelas em perfil de alum\u00ednio e material antichamas. Alie seguran\u00e7a, durabilidade e higiene em sua casa.\" \/>\n<meta property=\"og:url\" content=\"https:\/\/www.sevenredes.com.br\/blog\/beneficios-das-telas-mosquiteiras-para-janelas-com-perfil-de-aluminio-e-anti-chamas\/\" \/>\n<meta property=\"og:site_name\" content=\"Blog\" \/>\n<meta property=\"article:published_time\" content=\"2026-01-29T18:23:21+00:00\" \/>\n<meta property=\"article:modified_time\" content=\"2026-01-29T18:23:27+00:00\" \/>\n<meta property=\"og:image\" content=\"https:\/\/www.sevenredes.com.br\/blog\/wp-content\/uploads\/2026\/01\/ChatGPT-Image-29-de-jan.-de-2026-15_22_13.jpg\" \/>\n\t<meta property=\"og:image:width\" content=\"1000\" \/>\n\t<meta property=\"og:image:height\" content=\"667\" \/>\n\t<meta property=\"og:image:type\" content=\"image\/jpeg\" \/>\n<meta name=\"author\" content=\"admin\" \/>\n<meta name=\"twitter:card\" content=\"summary_large_image\" \/>\n<meta name=\"twitter:label1\" content=\"Escrito por\" \/>\n\t<meta name=\"twitter:data1\" content=\"admin\" \/>\n\t<meta name=\"twitter:label2\" content=\"Est. tempo de leitura\" \/>\n\t<meta name=\"twitter:data2\" content=\"5 minutos\" \/>\n<script type=\"application\/ld+json\" class=\"yoast-schema-graph\">{\"@context\":\"https:\/\/schema.org\",\"@graph\":[{\"@type\":\"Article\",\"@id\":\"https:\/\/www.sevenredes.com.br\/blog\/beneficios-das-telas-mosquiteiras-para-janelas-com-perfil-de-aluminio-e-anti-chamas\/#article\",\"isPartOf\":{\"@id\":\"https:\/\/www.sevenredes.com.br\/blog\/beneficios-das-telas-mosquiteiras-para-janelas-com-perfil-de-aluminio-e-anti-chamas\/\"},\"author\":{\"name\":\"admin\",\"@id\":\"https:\/\/www.sevenredes.com.br\/blog\/#\/schema\/person\/c880fdb41f1fd4f705873d88767c117d\"},\"headline\":\"Benef\u00edcios das telas mosquiteiras para janelas com perfil de alum\u00ednio e anti chamas\",\"datePublished\":\"2026-01-29T18:23:21+00:00\",\"dateModified\":\"2026-01-29T18:23:27+00:00\",\"mainEntityOfPage\":{\"@id\":\"https:\/\/www.sevenredes.com.br\/blog\/beneficios-das-telas-mosquiteiras-para-janelas-com-perfil-de-aluminio-e-anti-chamas\/\"},\"wordCount\":908,\"commentCount\":0,\"publisher\":{\"@id\":\"https:\/\/www.sevenredes.com.br\/blog\/#organization\"},\"image\":{\"@id\":\"https:\/\/www.sevenredes.com.br\/blog\/beneficios-das-telas-mosquiteiras-para-janelas-com-perfil-de-aluminio-e-anti-chamas\/#primaryimage\"},\"thumbnailUrl\":\"https:\/\/www.sevenredes.com.br\/blog\/wp-content\/uploads\/2026\/01\/ChatGPT-Image-29-de-jan.-de-2026-15_22_13.jpg\",\"keywords\":[\"f\u00e1brica de tela de prote\u00e7\u00e3o contra inseto\",\"f\u00e1brica de tela mosquiteira\",\"fabricante de tela de prote\u00e7\u00e3o contra inseto\",\"fabricante de tela mosquiteira\",\"fornecedor de tela de prote\u00e7\u00e3o contra inseto\",\"fornecedor de tela mosquiteira\",\"tela de prote\u00e7\u00e3o contra inseto comprar\",\"tela de prote\u00e7\u00e3o contra inseto em Campo Limpo\",\"tela de prote\u00e7\u00e3o contra inseto em Diadema\",\"tela de prote\u00e7\u00e3o contra inseto em Guarulhos\",\"tela de prote\u00e7\u00e3o contra inseto em Osasco\",\"tela de prote\u00e7\u00e3o contra inseto em Parais\u00f3polis\",\"tela de prote\u00e7\u00e3o contra inseto em Santo Amaro\",\"tela de prote\u00e7\u00e3o contra inseto em Santo Andr\u00e9\",\"tela de prote\u00e7\u00e3o contra inseto em S\u00e3o Bernardo\",\"tela de prote\u00e7\u00e3o contra inseto em S\u00e3o Caetano\",\"tela de prote\u00e7\u00e3o contra inseto em s\u00e3o paulo\",\"tela de prote\u00e7\u00e3o contra inseto em sp\",\"tela de prote\u00e7\u00e3o contra inseto empresa\",\"tela de prote\u00e7\u00e3o contra inseto na baixada santista\",\"tela de prote\u00e7\u00e3o contra inseto na Vila Andrade\",\"tela de prote\u00e7\u00e3o contra inseto na zona leste\",\"tela de prote\u00e7\u00e3o contra inseto na zona norte\",\"tela de prote\u00e7\u00e3o contra inseto na zona oeste\",\"tela de prote\u00e7\u00e3o contra inseto na zona sul\",\"tela de prote\u00e7\u00e3o contra inseto no ABC\",\"tela de prote\u00e7\u00e3o contra inseto no Brooklin\",\"tela de prote\u00e7\u00e3o contra inseto no Cap\u00e3o Redondo\",\"tela de prote\u00e7\u00e3o contra inseto no centro\",\"tela de prote\u00e7\u00e3o contra inseto no Tabo\u00e3o da Serra\",\"tela de prote\u00e7\u00e3o contra inseto onde encontrar\",\"tela de prote\u00e7\u00e3o contra inseto perto de mim\",\"tela de prote\u00e7\u00e3o contra inseto pre\u00e7o\",\"tela de prote\u00e7\u00e3o contra inseto pr\u00f3ximo a mim\",\"tela mosquiteira comprar\",\"tela mosquiteira em Campo Limpo\",\"tela mosquiteira em Diadema\",\"tela mosquiteira em Guarulhos\",\"tela mosquiteira em Osasco\",\"tela mosquiteira em Parais\u00f3polis\",\"tela mosquiteira em Santo Amaro\",\"tela mosquiteira em Santo Andr\u00e9\",\"tela mosquiteira em S\u00e3o Bernardo\",\"tela mosquiteira em S\u00e3o Caetano\",\"tela mosquiteira em s\u00e3o paulo\",\"tela mosquiteira em sp\",\"tela mosquiteira empresa\",\"tela mosquiteira na baixada santista\",\"tela mosquiteira na Vila Andrade\",\"tela mosquiteira na zona leste\",\"tela mosquiteira na zona norte\",\"tela mosquiteira na zona oeste\",\"tela mosquiteira na zona sul\",\"tela mosquiteira no ABC\",\"tela mosquiteira no Brooklin\",\"tela mosquiteira no Cap\u00e3o Redondo\",\"tela mosquiteira no centro\",\"tela mosquiteira no Tabo\u00e3o da Serra\",\"tela mosquiteira onde encontrar\",\"tela mosquiteira perto de mim\",\"tela mosquiteira pre\u00e7o\",\"tela mosquiteira pr\u00f3ximo a mim\"],\"articleSection\":[\"tela mosquiteira\"],\"inLanguage\":\"pt-BR\",\"potentialAction\":[{\"@type\":\"CommentAction\",\"name\":\"Comment\",\"target\":[\"https:\/\/www.sevenredes.com.br\/blog\/beneficios-das-telas-mosquiteiras-para-janelas-com-perfil-de-aluminio-e-anti-chamas\/#respond\"]}]},{\"@type\":\"WebPage\",\"@id\":\"https:\/\/www.sevenredes.com.br\/blog\/beneficios-das-telas-mosquiteiras-para-janelas-com-perfil-de-aluminio-e-anti-chamas\/\",\"url\":\"https:\/\/www.sevenredes.com.br\/blog\/beneficios-das-telas-mosquiteiras-para-janelas-com-perfil-de-aluminio-e-anti-chamas\/\",\"name\":\"Benef\u00edcios das telas mosquiteiras para janelas com perfil de alum\u00ednio e anti chamas\",\"isPartOf\":{\"@id\":\"https:\/\/www.sevenredes.com.br\/blog\/#website\"},\"primaryImageOfPage\":{\"@id\":\"https:\/\/www.sevenredes.com.br\/blog\/beneficios-das-telas-mosquiteiras-para-janelas-com-perfil-de-aluminio-e-anti-chamas\/#primaryimage\"},\"image\":{\"@id\":\"https:\/\/www.sevenredes.com.br\/blog\/beneficios-das-telas-mosquiteiras-para-janelas-com-perfil-de-aluminio-e-anti-chamas\/#primaryimage\"},\"thumbnailUrl\":\"https:\/\/www.sevenredes.com.br\/blog\/wp-content\/uploads\/2026\/01\/ChatGPT-Image-29-de-jan.-de-2026-15_22_13.jpg\",\"datePublished\":\"2026-01-29T18:23:21+00:00\",\"dateModified\":\"2026-01-29T18:23:27+00:00\",\"description\":\"Proteja sua fam\u00edlia com telas mosquiteiras para janelas em perfil de alum\u00ednio e material antichamas. Alie seguran\u00e7a, durabilidade e higiene em sua casa.\",\"breadcrumb\":{\"@id\":\"https:\/\/www.sevenredes.com.br\/blog\/beneficios-das-telas-mosquiteiras-para-janelas-com-perfil-de-aluminio-e-anti-chamas\/#breadcrumb\"},\"inLanguage\":\"pt-BR\",\"potentialAction\":[{\"@type\":\"ReadAction\",\"target\":[\"https:\/\/www.sevenredes.com.br\/blog\/beneficios-das-telas-mosquiteiras-para-janelas-com-perfil-de-aluminio-e-anti-chamas\/\"]}]},{\"@type\":\"ImageObject\",\"inLanguage\":\"pt-BR\",\"@id\":\"https:\/\/www.sevenredes.com.br\/blog\/beneficios-das-telas-mosquiteiras-para-janelas-com-perfil-de-aluminio-e-anti-chamas\/#primaryimage\",\"url\":\"https:\/\/www.sevenredes.com.br\/blog\/wp-content\/uploads\/2026\/01\/ChatGPT-Image-29-de-jan.-de-2026-15_22_13.jpg\",\"contentUrl\":\"https:\/\/www.sevenredes.com.br\/blog\/wp-content\/uploads\/2026\/01\/ChatGPT-Image-29-de-jan.-de-2026-15_22_13.jpg\",\"width\":1000,\"height\":667,\"caption\":\"O papel da tela de prote\u00e7\u00e3o para insetos na conserva\u00e7\u00e3o de m\u00f3veis e higiene dos ambientes\"},{\"@type\":\"BreadcrumbList\",\"@id\":\"https:\/\/www.sevenredes.com.br\/blog\/beneficios-das-telas-mosquiteiras-para-janelas-com-perfil-de-aluminio-e-anti-chamas\/#breadcrumb\",\"itemListElement\":[{\"@type\":\"ListItem\",\"position\":1,\"name\":\"In\u00edcio\",\"item\":\"https:\/\/www.sevenredes.com.br\/blog\/\"},{\"@type\":\"ListItem\",\"position\":2,\"name\":\"Benef\u00edcios das telas mosquiteiras para janelas com perfil de alum\u00ednio e anti chamas\"}]},{\"@type\":\"WebSite\",\"@id\":\"https:\/\/www.sevenredes.com.br\/blog\/#website\",\"url\":\"https:\/\/www.sevenredes.com.br\/blog\/\",\"name\":\"Blog\",\"description\":\"\",\"publisher\":{\"@id\":\"https:\/\/www.sevenredes.com.br\/blog\/#organization\"},\"potentialAction\":[{\"@type\":\"SearchAction\",\"target\":{\"@type\":\"EntryPoint\",\"urlTemplate\":\"https:\/\/www.sevenredes.com.br\/blog\/?s={search_term_string}\"},\"query-input\":{\"@type\":\"PropertyValueSpecification\",\"valueRequired\":true,\"valueName\":\"search_term_string\"}}],\"inLanguage\":\"pt-BR\"},{\"@type\":\"Organization\",\"@id\":\"https:\/\/www.sevenredes.com.br\/blog\/#organization\",\"name\":\"Blog\",\"url\":\"https:\/\/www.sevenredes.com.br\/blog\/\",\"logo\":{\"@type\":\"ImageObject\",\"inLanguage\":\"pt-BR\",\"@id\":\"https:\/\/www.sevenredes.com.br\/blog\/#\/schema\/logo\/image\/\",\"url\":\"https:\/\/www.sevenredes.com.br\/blog\/wp-content\/uploads\/2026\/01\/logo-1.webp\",\"contentUrl\":\"https:\/\/www.sevenredes.com.br\/blog\/wp-content\/uploads\/2026\/01\/logo-1.webp\",\"width\":761,\"height\":316,\"caption\":\"Blog\"},\"image\":{\"@id\":\"https:\/\/www.sevenredes.com.br\/blog\/#\/schema\/logo\/image\/\"}},{\"@type\":\"Person\",\"@id\":\"https:\/\/www.sevenredes.com.br\/blog\/#\/schema\/person\/c880fdb41f1fd4f705873d88767c117d\",\"name\":\"admin\",\"image\":{\"@type\":\"ImageObject\",\"inLanguage\":\"pt-BR\",\"@id\":\"https:\/\/www.sevenredes.com.br\/blog\/#\/schema\/person\/image\/\",\"url\":\"https:\/\/secure.gravatar.com\/avatar\/d2abb7e535a7590a6f9b76c75c90ec5441db3a04a205e6d66ecabfb80081f172?s=96&d=mm&r=g\",\"contentUrl\":\"https:\/\/secure.gravatar.com\/avatar\/d2abb7e535a7590a6f9b76c75c90ec5441db3a04a205e6d66ecabfb80081f172?s=96&d=mm&r=g\",\"caption\":\"admin\"},\"sameAs\":[\"https:\/\/sevenredes.com.br\/blog\"],\"url\":\"https:\/\/www.sevenredes.com.br\/blog\/author\/admin\/\"}]}<\/script>\n<!-- \/ Yoast SEO plugin. -->","yoast_head_json":{"title":"Benef\u00edcios das telas mosquiteiras para janelas com perfil de alum\u00ednio e anti chamas","description":"Proteja sua fam\u00edlia com telas mosquiteiras para janelas em perfil de alum\u00ednio e material antichamas. Alie seguran\u00e7a, durabilidade e higiene em sua casa.","robots":{"index":"index","follow":"follow","max-snippet":"max-snippet:-1","max-image-preview":"max-image-preview:large","max-video-preview":"max-video-preview:-1"},"canonical":"https:\/\/www.sevenredes.com.br\/blog\/beneficios-das-telas-mosquiteiras-para-janelas-com-perfil-de-aluminio-e-anti-chamas\/","og_locale":"pt_BR","og_type":"article","og_title":"Benef\u00edcios das telas mosquiteiras para janelas com perfil de alum\u00ednio e anti chamas","og_description":"Proteja sua fam\u00edlia com telas mosquiteiras para janelas em perfil de alum\u00ednio e material antichamas. Alie seguran\u00e7a, durabilidade e higiene em sua casa.","og_url":"https:\/\/www.sevenredes.com.br\/blog\/beneficios-das-telas-mosquiteiras-para-janelas-com-perfil-de-aluminio-e-anti-chamas\/","og_site_name":"Blog","article_published_time":"2026-01-29T18:23:21+00:00","article_modified_time":"2026-01-29T18:23:27+00:00","og_image":[{"width":1000,"height":667,"url":"https:\/\/www.sevenredes.com.br\/blog\/wp-content\/uploads\/2026\/01\/ChatGPT-Image-29-de-jan.-de-2026-15_22_13.jpg","type":"image\/jpeg"}],"author":"admin","twitter_card":"summary_large_image","twitter_misc":{"Escrito por":"admin","Est. tempo de leitura":"5 minutos"},"schema":{"@context":"https:\/\/schema.org","@graph":[{"@type":"Article","@id":"https:\/\/www.sevenredes.com.br\/blog\/beneficios-das-telas-mosquiteiras-para-janelas-com-perfil-de-aluminio-e-anti-chamas\/#article","isPartOf":{"@id":"https:\/\/www.sevenredes.com.br\/blog\/beneficios-das-telas-mosquiteiras-para-janelas-com-perfil-de-aluminio-e-anti-chamas\/"},"author":{"name":"admin","@id":"https:\/\/www.sevenredes.com.br\/blog\/#\/schema\/person\/c880fdb41f1fd4f705873d88767c117d"},"headline":"Benef\u00edcios das telas mosquiteiras para janelas com perfil de alum\u00ednio e anti chamas","datePublished":"2026-01-29T18:23:21+00:00","dateModified":"2026-01-29T18:23:27+00:00","mainEntityOfPage":{"@id":"https:\/\/www.sevenredes.com.br\/blog\/beneficios-das-telas-mosquiteiras-para-janelas-com-perfil-de-aluminio-e-anti-chamas\/"},"wordCount":908,"commentCount":0,"publisher":{"@id":"https:\/\/www.sevenredes.com.br\/blog\/#organization"},"image":{"@id":"https:\/\/www.sevenredes.com.br\/blog\/beneficios-das-telas-mosquiteiras-para-janelas-com-perfil-de-aluminio-e-anti-chamas\/#primaryimage"},"thumbnailUrl":"https:\/\/www.sevenredes.com.br\/blog\/wp-content\/uploads\/2026\/01\/ChatGPT-Image-29-de-jan.-de-2026-15_22_13.jpg","keywords":["f\u00e1brica de tela de prote\u00e7\u00e3o contra inseto","f\u00e1brica de tela mosquiteira","fabricante de tela de prote\u00e7\u00e3o contra inseto","fabricante de tela mosquiteira","fornecedor de tela de prote\u00e7\u00e3o contra inseto","fornecedor de tela mosquiteira","tela de prote\u00e7\u00e3o contra inseto comprar","tela de prote\u00e7\u00e3o contra inseto em Campo Limpo","tela de prote\u00e7\u00e3o contra inseto em Diadema","tela de prote\u00e7\u00e3o contra inseto em Guarulhos","tela de prote\u00e7\u00e3o contra inseto em Osasco","tela de prote\u00e7\u00e3o contra inseto em Parais\u00f3polis","tela de prote\u00e7\u00e3o contra inseto em Santo Amaro","tela de prote\u00e7\u00e3o contra inseto em Santo Andr\u00e9","tela de prote\u00e7\u00e3o contra inseto em S\u00e3o Bernardo","tela de prote\u00e7\u00e3o contra inseto em S\u00e3o Caetano","tela de prote\u00e7\u00e3o contra inseto em s\u00e3o paulo","tela de prote\u00e7\u00e3o contra inseto em sp","tela de prote\u00e7\u00e3o contra inseto empresa","tela de prote\u00e7\u00e3o contra inseto na baixada santista","tela de prote\u00e7\u00e3o contra inseto na Vila Andrade","tela de prote\u00e7\u00e3o contra inseto na zona leste","tela de prote\u00e7\u00e3o contra inseto na zona norte","tela de prote\u00e7\u00e3o contra inseto na zona oeste","tela de prote\u00e7\u00e3o contra inseto na zona sul","tela de prote\u00e7\u00e3o contra inseto no ABC","tela de prote\u00e7\u00e3o contra inseto no Brooklin","tela de prote\u00e7\u00e3o contra inseto no Cap\u00e3o Redondo","tela de prote\u00e7\u00e3o contra inseto no centro","tela de prote\u00e7\u00e3o contra inseto no Tabo\u00e3o da Serra","tela de prote\u00e7\u00e3o contra inseto onde encontrar","tela de prote\u00e7\u00e3o contra inseto perto de mim","tela de prote\u00e7\u00e3o contra inseto pre\u00e7o","tela de prote\u00e7\u00e3o contra inseto pr\u00f3ximo a mim","tela mosquiteira comprar","tela mosquiteira em Campo Limpo","tela mosquiteira em Diadema","tela mosquiteira em Guarulhos","tela mosquiteira em Osasco","tela mosquiteira em Parais\u00f3polis","tela mosquiteira em Santo Amaro","tela mosquiteira em Santo Andr\u00e9","tela mosquiteira em S\u00e3o Bernardo","tela mosquiteira em S\u00e3o Caetano","tela mosquiteira em s\u00e3o paulo","tela mosquiteira em sp","tela mosquiteira empresa","tela mosquiteira na baixada santista","tela mosquiteira na Vila Andrade","tela mosquiteira na zona leste","tela mosquiteira na zona norte","tela mosquiteira na zona oeste","tela mosquiteira na zona sul","tela mosquiteira no ABC","tela mosquiteira no Brooklin","tela mosquiteira no Cap\u00e3o Redondo","tela mosquiteira no centro","tela mosquiteira no Tabo\u00e3o da Serra","tela mosquiteira onde encontrar","tela mosquiteira perto de mim","tela mosquiteira pre\u00e7o","tela mosquiteira pr\u00f3ximo a mim"],"articleSection":["tela mosquiteira"],"inLanguage":"pt-BR","potentialAction":[{"@type":"CommentAction","name":"Comment","target":["https:\/\/www.sevenredes.com.br\/blog\/beneficios-das-telas-mosquiteiras-para-janelas-com-perfil-de-aluminio-e-anti-chamas\/#respond"]}]},{"@type":"WebPage","@id":"https:\/\/www.sevenredes.com.br\/blog\/beneficios-das-telas-mosquiteiras-para-janelas-com-perfil-de-aluminio-e-anti-chamas\/","url":"https:\/\/www.sevenredes.com.br\/blog\/beneficios-das-telas-mosquiteiras-para-janelas-com-perfil-de-aluminio-e-anti-chamas\/","name":"Benef\u00edcios das telas mosquiteiras para janelas com perfil de alum\u00ednio e anti chamas","isPartOf":{"@id":"https:\/\/www.sevenredes.com.br\/blog\/#website"},"primaryImageOfPage":{"@id":"https:\/\/www.sevenredes.com.br\/blog\/beneficios-das-telas-mosquiteiras-para-janelas-com-perfil-de-aluminio-e-anti-chamas\/#primaryimage"},"image":{"@id":"https:\/\/www.sevenredes.com.br\/blog\/beneficios-das-telas-mosquiteiras-para-janelas-com-perfil-de-aluminio-e-anti-chamas\/#primaryimage"},"thumbnailUrl":"https:\/\/www.sevenredes.com.br\/blog\/wp-content\/uploads\/2026\/01\/ChatGPT-Image-29-de-jan.-de-2026-15_22_13.jpg","datePublished":"2026-01-29T18:23:21+00:00","dateModified":"2026-01-29T18:23:27+00:00","description":"Proteja sua fam\u00edlia com telas mosquiteiras para janelas em perfil de alum\u00ednio e material antichamas. Alie seguran\u00e7a, durabilidade e higiene em sua casa.","breadcrumb":{"@id":"https:\/\/www.sevenredes.com.br\/blog\/beneficios-das-telas-mosquiteiras-para-janelas-com-perfil-de-aluminio-e-anti-chamas\/#breadcrumb"},"inLanguage":"pt-BR","potentialAction":[{"@type":"ReadAction","target":["https:\/\/www.sevenredes.com.br\/blog\/beneficios-das-telas-mosquiteiras-para-janelas-com-perfil-de-aluminio-e-anti-chamas\/"]}]},{"@type":"ImageObject","inLanguage":"pt-BR","@id":"https:\/\/www.sevenredes.com.br\/blog\/beneficios-das-telas-mosquiteiras-para-janelas-com-perfil-de-aluminio-e-anti-chamas\/#primaryimage","url":"https:\/\/www.sevenredes.com.br\/blog\/wp-content\/uploads\/2026\/01\/ChatGPT-Image-29-de-jan.-de-2026-15_22_13.jpg","contentUrl":"https:\/\/www.sevenredes.com.br\/blog\/wp-content\/uploads\/2026\/01\/ChatGPT-Image-29-de-jan.-de-2026-15_22_13.jpg","width":1000,"height":667,"caption":"O papel da tela de prote\u00e7\u00e3o para insetos na conserva\u00e7\u00e3o de m\u00f3veis e higiene dos ambientes"},{"@type":"BreadcrumbList","@id":"https:\/\/www.sevenredes.com.br\/blog\/beneficios-das-telas-mosquiteiras-para-janelas-com-perfil-de-aluminio-e-anti-chamas\/#breadcrumb","itemListElement":[{"@type":"ListItem","position":1,"name":"In\u00edcio","item":"https:\/\/www.sevenredes.com.br\/blog\/"},{"@type":"ListItem","position":2,"name":"Benef\u00edcios das telas mosquiteiras para janelas com perfil de alum\u00ednio e anti chamas"}]},{"@type":"WebSite","@id":"https:\/\/www.sevenredes.com.br\/blog\/#website","url":"https:\/\/www.sevenredes.com.br\/blog\/","name":"Blog","description":"","publisher":{"@id":"https:\/\/www.sevenredes.com.br\/blog\/#organization"},"potentialAction":[{"@type":"SearchAction","target":{"@type":"EntryPoint","urlTemplate":"https:\/\/www.sevenredes.com.br\/blog\/?s={search_term_string}"},"query-input":{"@type":"PropertyValueSpecification","valueRequired":true,"valueName":"search_term_string"}}],"inLanguage":"pt-BR"},{"@type":"Organization","@id":"https:\/\/www.sevenredes.com.br\/blog\/#organization","name":"Blog","url":"https:\/\/www.sevenredes.com.br\/blog\/","logo":{"@type":"ImageObject","inLanguage":"pt-BR","@id":"https:\/\/www.sevenredes.com.br\/blog\/#\/schema\/logo\/image\/","url":"https:\/\/www.sevenredes.com.br\/blog\/wp-content\/uploads\/2026\/01\/logo-1.webp","contentUrl":"https:\/\/www.sevenredes.com.br\/blog\/wp-content\/uploads\/2026\/01\/logo-1.webp","width":761,"height":316,"caption":"Blog"},"image":{"@id":"https:\/\/www.sevenredes.com.br\/blog\/#\/schema\/logo\/image\/"}},{"@type":"Person","@id":"https:\/\/www.sevenredes.com.br\/blog\/#\/schema\/person\/c880fdb41f1fd4f705873d88767c117d","name":"admin","image":{"@type":"ImageObject","inLanguage":"pt-BR","@id":"https:\/\/www.sevenredes.com.br\/blog\/#\/schema\/person\/image\/","url":"https:\/\/secure.gravatar.com\/avatar\/d2abb7e535a7590a6f9b76c75c90ec5441db3a04a205e6d66ecabfb80081f172?s=96&d=mm&r=g","contentUrl":"https:\/\/secure.gravatar.com\/avatar\/d2abb7e535a7590a6f9b76c75c90ec5441db3a04a205e6d66ecabfb80081f172?s=96&d=mm&r=g","caption":"admin"},"sameAs":["https:\/\/sevenredes.com.br\/blog"],"url":"https:\/\/www.sevenredes.com.br\/blog\/author\/admin\/"}]}},"_links":{"self":[{"href":"https:\/\/www.sevenredes.com.br\/blog\/wp-json\/wp\/v2\/posts\/3729","targetHints":{"allow":["GET"]}}],"collection":[{"href":"https:\/\/www.sevenredes.com.br\/blog\/wp-json\/wp\/v2\/posts"}],"about":[{"href":"https:\/\/www.sevenredes.com.br\/blog\/wp-json\/wp\/v2\/types\/post"}],"author":[{"embeddable":true,"href":"https:\/\/www.sevenredes.com.br\/blog\/wp-json\/wp\/v2\/users\/1"}],"replies":[{"embeddable":true,"href":"https:\/\/www.sevenredes.com.br\/blog\/wp-json\/wp\/v2\/comments?post=3729"}],"version-history":[{"count":1,"href":"https:\/\/www.sevenredes.com.br\/blog\/wp-json\/wp\/v2\/posts\/3729\/revisions"}],"predecessor-version":[{"id":3731,"href":"https:\/\/www.sevenredes.com.br\/blog\/wp-json\/wp\/v2\/posts\/3729\/revisions\/3731"}],"wp:featuredmedia":[{"embeddable":true,"href":"https:\/\/www.sevenredes.com.br\/blog\/wp-json\/wp\/v2\/media\/3730"}],"wp:attachment":[{"href":"https:\/\/www.sevenredes.com.br\/blog\/wp-json\/wp\/v2\/media?parent=3729"}],"wp:term":[{"taxonomy":"category","embeddable":true,"href":"https:\/\/www.sevenredes.com.br\/blog\/wp-json\/wp\/v2\/categories?post=3729"},{"taxonomy":"post_tag","embeddable":true,"href":"https:\/\/www.sevenredes.com.br\/blog\/wp-json\/wp\/v2\/tags?post=3729"}],"curies":[{"name":"wp","href":"https:\/\/api.w.org\/{rel}","templated":true}]}}