{"id":3749,"date":"2026-03-09T11:28:45","date_gmt":"2026-03-09T14:28:45","guid":{"rendered":"https:\/\/sevenredes.com.br\/blog\/?p=3749"},"modified":"2026-03-09T11:28:50","modified_gmt":"2026-03-09T14:28:50","slug":"onde-comprar-rede-de-protecao-para-janela-de-apartamento-com-instalacao-profissional","status":"publish","type":"post","link":"https:\/\/www.sevenredes.com.br\/blog\/onde-comprar-rede-de-protecao-para-janela-de-apartamento-com-instalacao-profissional\/","title":{"rendered":"Onde comprar rede de prote\u00e7\u00e3o para janela de apartamento com instala\u00e7\u00e3o profissional"},"content":{"rendered":"<span class=\"span-reading-time rt-reading-time\" style=\"display: block;\"><span class=\"rt-label rt-prefix\">Tempo de leitura:<\/span> <span class=\"rt-time\"> 4<\/span> <span class=\"rt-label rt-postfix\">minutos<\/span><\/span>\n<p class=\"has-medium-font-size\"><strong><em>Saiba onde comprar rede de prote\u00e7\u00e3o para janela de apartamento com instala\u00e7\u00e3o profissional e certificada em S\u00e3o Paulo<\/em><\/strong>.<\/p>\n\n\n\n<p>Morar em um apartamento na Zona Sul de S\u00e3o Paulo oferece vistas privilegiadas, mas tamb\u00e9m traz a responsabilidade imediata de garantir a seguran\u00e7a de quem amamos.<\/p>\n\n\n\n<p>Seja para proteger crian\u00e7as curiosas, animais de estima\u00e7\u00e3o \u00e1geis ou at\u00e9 mesmo evitar acidentes dom\u00e9sticos, a escolha do fornecedor n\u00e3o pode ser baseada apenas no menor pre\u00e7o do mercado.<\/p>\n\n\n\n<p>Na Seven Redes, entendemos que voc\u00ea busca tranquilidade absoluta. Por isso, entregamos uma solu\u00e7\u00e3o que une materiais de alta tecnologia \u00e0 instala\u00e7\u00e3o t\u00e9cnica rigorosa, transformando seu lar em um ambiente blindado e sereno.<\/p>\n\n\n\n<ul class=\"wp-block-list\">\n<li><a href=\"https:\/\/sevenredes.com.br\/blog\/o-papel-da-tela-de-protecao-para-insetos-na-conservacao-de-moveis-e-higiene-dos-ambientes\/\">O papel da tela de prote\u00e7\u00e3o para insetos na conserva\u00e7\u00e3o de m\u00f3veis e higiene dos ambientes<\/a><\/li>\n<\/ul>\n\n\n\n<h2 class=\"wp-block-heading\"><strong>Onde comprar rede de prote\u00e7\u00e3o para janela de apartamento com proced\u00eancia garantida<\/strong><\/h2>\n\n\n\n<p>A resposta para &#8220;onde comprar&#8221; n\u00e3o deve ser apenas uma loja de ferragens, mas sim uma empresa especializada que domine toda a cadeia de seguran\u00e7a. Na Seven Redes, atuamos com foco em S\u00e3o Paulo, levando solu\u00e7\u00f5es que unem a resist\u00eancia do polietileno de alta densidade a um acabamento impec\u00e1vel.<\/p>\n\n\n\n<p>Para quem reside em bairros como Moema, Vila Mariana ou Santo Amaro, a agilidade no atendimento \u00e9 um diferencial. No entanto, a proced\u00eancia do material \u00e9 o que sustenta a confian\u00e7a no servi\u00e7o.&nbsp;<\/p>\n\n\n\n<p>Trabalhamos exclusivamente com redes que passam por rigorosos testes de qualidade, garantindo que a malha suporte as varia\u00e7\u00f5es clim\u00e1ticas da capital paulista. Ao escolher onde investir, considere os seguintes pilares da nossa entrega:<\/p>\n\n\n\n<ul class=\"wp-block-list\">\n<li><strong>Material virgem:<\/strong> Utilizamos polietileno 100% virgem, que n\u00e3o resseca precocemente como as vers\u00f5es recicladas.<\/li>\n\n\n\n<li><strong>Tratamento UV e antioxidante:<\/strong> Essencial para janelas que recebem sol direto, prolongando a vida \u00fatil da rede por anos.<\/li>\n\n\n\n<li><strong>Certifica\u00e7\u00e3o t\u00e9cnica:<\/strong> Nossos produtos e processos seguem as diretrizes de seguran\u00e7a vigentes, assegurando a resist\u00eancia necess\u00e1ria contra impactos.<\/li>\n<\/ul>\n\n\n\n<h2 class=\"wp-block-heading\"><strong>Por que a proced\u00eancia do material define a durabilidade da sua rede<\/strong><\/h2>\n\n\n\n<p>Ao pesquisar onde comprar rede de prote\u00e7\u00e3o para janela de apartamento, o primeiro crit\u00e9rio t\u00e9cnico deve ser a composi\u00e7\u00e3o do fio. Trabalhamos exclusivamente com polietileno de alta densidade.<\/p>\n\n\n\n<p>Diferente do nylon comum, o polietileno que utilizamos recebe tratamento contra raios ultravioleta e aditivos antioxidantes, o que impede que a rede resseque ou perca a resist\u00eancia sob o sol forte de S\u00e3o Paulo.<\/p>\n\n\n\n<ul class=\"wp-block-list\">\n<li><strong>Resist\u00eancia ao impacto:<\/strong> Nossas redes s\u00e3o projetadas para suportar press\u00f5es elevadas, garantindo que a malha n\u00e3o ceda em situa\u00e7\u00f5es cr\u00edticas.<\/li>\n\n\n\n<li><strong>Certifica\u00e7\u00e3o de qualidade:<\/strong> Utilizamos materiais que atendem \u00e0s normas de seguran\u00e7a vigentes, proporcionando uma barreira f\u00edsica confi\u00e1vel e duradoura.<\/li>\n\n\n\n<li><strong>Est\u00e9tica preservada:<\/strong> Oferecemos cores que se integram \u00e0 fachada do condom\u00ednio, respeitando as normas visuais sem comprometer a prote\u00e7\u00e3o.<\/li>\n<\/ul>\n\n\n\n<h2 class=\"wp-block-heading\"><strong>Diferenciais da instala\u00e7\u00e3o profissional da Seven Redes na Zona Sul<\/strong><\/h2>\n\n\n\n<p>A efici\u00eancia de uma rede de prote\u00e7\u00e3o para janela de apartamento depende 50% da qualidade do material e 50% da precis\u00e3o da instala\u00e7\u00e3o. Um erro na ancoragem pode anular toda a seguran\u00e7a.<\/p>\n\n\n\n<p>Nossa equipe \u00e9 composta por profissionais treinados que dominam as particularidades das estruturas de alvenaria e esquadrias modernas, garantindo uma fixa\u00e7\u00e3o firme e esteticamente limpa.<\/p>\n\n\n\n<ul class=\"wp-block-list\">\n<li><strong>Ganchos e buchas espec\u00edficos:<\/strong> Utilizamos componentes de fixa\u00e7\u00e3o de alta qualidade, resistentes \u00e0 corros\u00e3o e adequados para cada tipo de parede.<\/li>\n\n\n\n<li><strong>Tensionamento correto:<\/strong> Uma rede frouxa \u00e9 perigosa; nossos t\u00e9cnicos aplicam a tens\u00e3o exata para que a malha cumpra sua fun\u00e7\u00e3o mec\u00e2nica.<\/li>\n\n\n\n<li><strong>Agilidade e limpeza:<\/strong> Respeitamos seu tempo e seu espa\u00e7o, realizando o servi\u00e7o de forma organizada, silenciosa e eficiente.<\/li>\n<\/ul>\n\n\n\n<h2 class=\"wp-block-heading\"><strong>O valor de investir em prote\u00e7\u00e3o certificada para sua fam\u00edlia<\/strong><\/h2>\n\n\n\n<p>Para propriet\u00e1rios e inquilinos que valorizam a integridade, o investimento em uma rede de prote\u00e7\u00e3o para janela de apartamento com garantia \u00e9 a \u00fanica escolha l\u00f3gica.<\/p>\n\n\n\n<p>N\u00e3o se trata apenas de uma tela, mas de um sistema de seguran\u00e7a passiva que funciona 24 horas por dia. Na Seven Redes, oferecemos o suporte necess\u00e1rio para que voc\u00ea nunca precise se preocupar com falhas.<\/p>\n\n\n\n<p>Ao escolher nossa empresa, voc\u00ea adquire a certeza de que cada n\u00f3 e cada gancho foram inspecionados. \u00c9 a tranquilidade de saber que sua varanda ou janela est\u00e1 protegida por especialistas refer\u00eancia em S\u00e3o Paulo.<\/p>\n\n\n\n<ul class=\"wp-block-list\">\n<li><a href=\"https:\/\/sevenredes.com.br\/blog\/redes-de-protecao-em-sao-paulo-instalacao-rapida-e-certificada\/\">Redes de prote\u00e7\u00e3o em S\u00e3o Paulo: instala\u00e7\u00e3o r\u00e1pida e certificada<\/a><\/li>\n<\/ul>\n\n\n\n<h2 class=\"wp-block-heading\"><strong>D\u00favidas frequentes sobre rede de prote\u00e7\u00e3o para janela de apartamento<\/strong><\/h2>\n\n\n\n<h3 class=\"wp-block-heading\"><strong>Qual a durabilidade m\u00e9dia de uma rede de prote\u00e7\u00e3o profissional?<\/strong><\/h3>\n\n\n\n<p>Em geral, uma rede de polietileno de alta qualidade dura entre 3 a 5 anos. Na Seven Redes, utilizamos materiais com tratamento UV que suportam as varia\u00e7\u00f5es clim\u00e1ticas de S\u00e3o Paulo, mantendo a resist\u00eancia por muito mais tempo.<\/p>\n\n\n\n<h3 class=\"wp-block-heading\"><strong>As redes de prote\u00e7\u00e3o alteram a fachada do condom\u00ednio?<\/strong><\/h3>\n\n\n\n<p>Trabalhamos com op\u00e7\u00f5es de cores (como cristal, areia ou preto) que s\u00e3o discretas e, geralmente, aceitas pelas administra\u00e7\u00f5es condominiais, pois priorizam a seguran\u00e7a sem causar impacto visual agressivo.<\/p>\n\n\n\n<h3 class=\"wp-block-heading\"><strong>\u00c9 poss\u00edvel instalar redes em janelas de alum\u00ednio ou PVC?<\/strong><\/h3>\n\n\n\n<p>Sim. Nossa equipe t\u00e9cnica avalia a estrutura da esquadria e utiliza os m\u00e9todos de fixa\u00e7\u00e3o mais adequados para cada material, garantindo que a instala\u00e7\u00e3o seja segura e n\u00e3o danifique suas janelas.<\/p>\n\n\n\n<h3 class=\"wp-block-heading\"><strong>Como saber se a rede instalada \u00e9 realmente segura?<\/strong><\/h3>\n\n\n\n<p>A seguran\u00e7a \u00e9 verificada pela proced\u00eancia do material (polietileno) e pelo teste de tens\u00e3o realizado ap\u00f3s a instala\u00e7\u00e3o. Na Seven Redes, seguimos padr\u00f5es rigorosos para assegurar que o sistema suporte os impactos previstos em norma.<\/p>\n\n\n\n<h2 class=\"wp-block-heading\"><strong>Sua casa mais segura com a Seven Redes<\/strong><\/h2>\n\n\n\n<p>Escolher onde comprar rede de prote\u00e7\u00e3o para janela de apartamento \u00e9 decidir sobre o bem-estar da sua fam\u00edlia. A Seven Redes combina tradi\u00e7\u00e3o, t\u00e9cnica e os melhores materiais para entregar o resultado que voc\u00ea espera.<\/p>\n\n\n\n<p>Se voc\u00ea est\u00e1 na Zona Sul de S\u00e3o Paulo e n\u00e3o abre m\u00e3o de qualidade certificada, conte com nossa expertise para proteger seu apartamento com o m\u00e1ximo de profissionalismo e agilidade.<\/p>\n\n\n\n<p>Quer proteger seu lar ainda hoje? <a href=\"https:\/\/www.sevenredes.com.br\/\">Clique aqui e solicite seu or\u00e7amento personalizado com a equipe da Seven Redes!<\/a><\/p>\n\n\n\n<p><\/p>\n","protected":false},"excerpt":{"rendered":"<p><span class=\"span-reading-time rt-reading-time\" style=\"display: block;\"><span class=\"rt-label rt-prefix\">Tempo de leitura:<\/span> <span class=\"rt-time\"> 4<\/span> <span class=\"rt-label rt-postfix\">minutos<\/span><\/span>Saiba onde comprar rede de prote\u00e7\u00e3o para janela de apartamento com instala\u00e7\u00e3o profissional e certificada em S\u00e3o Paulo. Morar em um apartamento na Zona Sul de S\u00e3o Paulo oferece vistas privilegiadas, mas tamb\u00e9m traz a responsabilidade imediata de garantir a seguran\u00e7a de quem amamos. Seja para proteger crian\u00e7as curiosas, animais de estima\u00e7\u00e3o \u00e1geis ou at\u00e9 mesmo evitar acidentes dom\u00e9sticos, a escolha do fornecedor n\u00e3o pode ser baseada apenas no menor pre\u00e7o do mercado. Na Seven Redes, entendemos que voc\u00ea busca tranquilidade absoluta. Por isso, entregamos uma solu\u00e7\u00e3o que une materiais de alta tecnologia \u00e0 instala\u00e7\u00e3o t\u00e9cnica rigorosa, transformando seu lar em um ambiente blindado e sereno. Onde comprar rede de prote\u00e7\u00e3o para janela de apartamento com proced\u00eancia garantida A resposta para &#8220;onde comprar&#8221; n\u00e3o deve ser apenas uma loja de ferragens, mas sim uma empresa especializada que domine toda a cadeia de seguran\u00e7a. Na Seven Redes, atuamos com foco em S\u00e3o Paulo, levando solu\u00e7\u00f5es que unem a resist\u00eancia do polietileno de alta densidade a um acabamento impec\u00e1vel. Para quem reside em bairros como Moema, Vila Mariana ou Santo Amaro, a agilidade no atendimento \u00e9 um diferencial. No entanto, a proced\u00eancia do material \u00e9 o que sustenta a confian\u00e7a no servi\u00e7o.&nbsp; Trabalhamos exclusivamente com redes que passam por rigorosos testes de qualidade, garantindo que a malha suporte as varia\u00e7\u00f5es clim\u00e1ticas da capital paulista. Ao escolher onde investir, considere os seguintes pilares da nossa entrega: Por que a proced\u00eancia do material define a durabilidade da sua rede Ao pesquisar onde comprar rede de prote\u00e7\u00e3o para janela de apartamento, o primeiro crit\u00e9rio t\u00e9cnico deve ser a composi\u00e7\u00e3o do fio. Trabalhamos exclusivamente com polietileno de alta densidade. Diferente do nylon comum, o polietileno que utilizamos recebe tratamento contra raios ultravioleta e aditivos antioxidantes, o que impede que a rede resseque ou perca a resist\u00eancia sob o sol forte de S\u00e3o Paulo. Diferenciais da instala\u00e7\u00e3o profissional da Seven Redes na Zona Sul A efici\u00eancia de uma rede de prote\u00e7\u00e3o para janela de apartamento depende 50% da qualidade do material e 50% da precis\u00e3o da instala\u00e7\u00e3o. Um erro na ancoragem pode anular toda a seguran\u00e7a. Nossa equipe \u00e9 composta por profissionais treinados que dominam as particularidades das estruturas de alvenaria e esquadrias modernas, garantindo uma fixa\u00e7\u00e3o firme e esteticamente limpa. O valor de investir em prote\u00e7\u00e3o certificada para sua fam\u00edlia Para propriet\u00e1rios e inquilinos que valorizam a integridade, o investimento em uma rede de prote\u00e7\u00e3o para janela de apartamento com garantia \u00e9 a \u00fanica escolha l\u00f3gica. N\u00e3o se trata apenas de uma tela, mas de um sistema de seguran\u00e7a passiva que funciona 24 horas por dia. Na Seven Redes, oferecemos o suporte necess\u00e1rio para que voc\u00ea nunca precise se preocupar com falhas. Ao escolher nossa empresa, voc\u00ea adquire a certeza de que cada n\u00f3 e cada gancho foram inspecionados. \u00c9 a tranquilidade de saber que sua varanda ou janela est\u00e1 protegida por especialistas refer\u00eancia em S\u00e3o Paulo. D\u00favidas frequentes sobre rede de prote\u00e7\u00e3o para janela de apartamento Qual a durabilidade m\u00e9dia de uma rede de prote\u00e7\u00e3o profissional? Em geral, uma rede de polietileno de alta qualidade dura entre 3 a 5 anos. Na Seven Redes, utilizamos materiais com tratamento UV que suportam as varia\u00e7\u00f5es clim\u00e1ticas de S\u00e3o Paulo, mantendo a resist\u00eancia por muito mais tempo. As redes de prote\u00e7\u00e3o alteram a fachada do condom\u00ednio? Trabalhamos com op\u00e7\u00f5es de cores (como cristal, areia ou preto) que s\u00e3o discretas e, geralmente, aceitas pelas administra\u00e7\u00f5es condominiais, pois priorizam a seguran\u00e7a sem causar impacto visual agressivo. \u00c9 poss\u00edvel instalar redes em janelas de alum\u00ednio ou PVC? Sim. Nossa equipe t\u00e9cnica avalia a estrutura da esquadria e utiliza os m\u00e9todos de fixa\u00e7\u00e3o mais adequados para cada material, garantindo que a instala\u00e7\u00e3o seja segura e n\u00e3o danifique suas janelas. Como saber se a rede instalada \u00e9 realmente segura? A seguran\u00e7a \u00e9 verificada pela proced\u00eancia do material (polietileno) e pelo teste de tens\u00e3o realizado ap\u00f3s a instala\u00e7\u00e3o. Na Seven Redes, seguimos padr\u00f5es rigorosos para assegurar que o sistema suporte os impactos previstos em norma. Sua casa mais segura com a Seven Redes Escolher onde comprar rede de prote\u00e7\u00e3o para janela de apartamento \u00e9 decidir sobre o bem-estar da sua fam\u00edlia. A Seven Redes combina tradi\u00e7\u00e3o, t\u00e9cnica e os melhores materiais para entregar o resultado que voc\u00ea espera. Se voc\u00ea est\u00e1 na Zona Sul de S\u00e3o Paulo e n\u00e3o abre m\u00e3o de qualidade certificada, conte com nossa expertise para proteger seu apartamento com o m\u00e1ximo de profissionalismo e agilidade. Quer proteger seu lar ainda hoje? Clique aqui e solicite seu or\u00e7amento personalizado com a equipe da Seven Redes!<\/p>\n","protected":false},"author":1,"featured_media":3750,"comment_status":"open","ping_status":"open","sticky":false,"template":"","format":"standard","meta":{"footnotes":""},"categories":[2486],"tags":[2802,2769,2803,2770,2804,2771,2806,2810,2816,2831,2825,2832,2828,2827,2833,2829,2809,2808,2834,2822,2830,2819,2820,2824,2812,2821,2817,2814,2823,2815,2818,2826,2805,2811,2807,2813,2772,2777,2783,2798,2792,2799,2795,2794,2800,2796,2776,2775,2801,2788,2797,2786,2787,2790,2780,2789,2784,2782,2791,2781,2785,2793,2773,2779,2774,2778],"class_list":["post-3749","post","type-post","status-publish","format-standard","has-post-thumbnail","hentry","category-rede-de-protecao","tag-fabrica-de-rede-de-protecao-para-janela-basculante","tag-fabrica-de-rede-de-protecao-para-janelas","tag-fabricante-de-rede-de-protecao-para-janela-basculante","tag-fabricante-de-rede-de-protecao-para-janelas","tag-fornecedor-de-rede-de-protecao-para-janela-basculante","tag-fornecedor-de-rede-de-protecao-para-janelas","tag-rede-de-protecao-para-janela-basculante-comprar","tag-rede-de-protecao-para-janela-basculante-direto-da-fabrica","tag-rede-de-protecao-para-janela-basculante-em-campo-belo","tag-rede-de-protecao-para-janela-basculante-em-diadema","tag-rede-de-protecao-para-janela-basculante-em-guarulhos","tag-rede-de-protecao-para-janela-basculante-em-osasco","tag-rede-de-protecao-para-janela-basculante-em-paraisopolis","tag-rede-de-protecao-para-janela-basculante-em-santo-andre","tag-rede-de-protecao-para-janela-basculante-em-sao-bernardo","tag-rede-de-protecao-para-janela-basculante-em-sao-caetano","tag-rede-de-protecao-para-janela-basculante-em-sao-paulo","tag-rede-de-protecao-para-janela-basculante-em-sp","tag-rede-de-protecao-para-janela-basculante-na-baixada-santista","tag-rede-de-protecao-para-janela-basculante-na-moema","tag-rede-de-protecao-para-janela-basculante-na-vila-andrade","tag-rede-de-protecao-para-janela-basculante-na-vila-congonhas","tag-rede-de-protecao-para-janela-basculante-na-vila-mariana","tag-rede-de-protecao-para-janela-basculante-na-vila-olimpia","tag-rede-de-protecao-para-janela-basculante-na-zona-leste","tag-rede-de-protecao-para-janela-basculante-na-zona-norte","tag-rede-de-protecao-para-janela-basculante-na-zona-oeste","tag-rede-de-protecao-para-janela-basculante-na-zona-sul","tag-rede-de-protecao-para-janela-basculante-no-abc","tag-rede-de-protecao-para-janela-basculante-no-brooklin","tag-rede-de-protecao-para-janela-basculante-no-centro","tag-rede-de-protecao-para-janela-basculante-no-itaim-bibi","tag-rede-de-protecao-para-janela-basculante-onde-encontrar","tag-rede-de-protecao-para-janela-basculante-perto-de-mim","tag-rede-de-protecao-para-janela-basculante-preco","tag-rede-de-protecao-para-janela-basculante-proximo-a-mim","tag-rede-de-protecao-para-janelas-comprar","tag-rede-de-protecao-para-janelas-direto-da-fabrica","tag-rede-de-protecao-para-janelas-em-campo-belo","tag-rede-de-protecao-para-janelas-em-diadema","tag-rede-de-protecao-para-janelas-em-guarulhos","tag-rede-de-protecao-para-janelas-em-osasco","tag-rede-de-protecao-para-janelas-em-paraisopolis","tag-rede-de-protecao-para-janelas-em-santo-andre","tag-rede-de-protecao-para-janelas-em-sao-bernardo","tag-rede-de-protecao-para-janelas-em-sao-caetano","tag-rede-de-protecao-para-janelas-em-sao-paulo","tag-rede-de-protecao-para-janelas-em-sp","tag-rede-de-protecao-para-janelas-na-baixada-santista","tag-rede-de-protecao-para-janelas-na-moema","tag-rede-de-protecao-para-janelas-na-vila-andrade","tag-rede-de-protecao-para-janelas-na-vila-congonhas","tag-rede-de-protecao-para-janelas-na-vila-mariana","tag-rede-de-protecao-para-janelas-na-vila-olimpia","tag-rede-de-protecao-para-janelas-na-zona-leste","tag-rede-de-protecao-para-janelas-na-zona-norte","tag-rede-de-protecao-para-janelas-na-zona-oeste","tag-rede-de-protecao-para-janelas-na-zona-sul","tag-rede-de-protecao-para-janelas-no-abc","tag-rede-de-protecao-para-janelas-no-brooklin","tag-rede-de-protecao-para-janelas-no-centro","tag-rede-de-protecao-para-janelas-no-itaim-bibi","tag-rede-de-protecao-para-janelas-onde-encontrar","tag-rede-de-protecao-para-janelas-perto-de-mim","tag-rede-de-protecao-para-janelas-preco","tag-rede-de-protecao-para-janelas-proximo-a-mim"],"yoast_head":"<!-- This site is optimized with the Yoast SEO plugin v26.8 - https:\/\/yoast.com\/product\/yoast-seo-wordpress\/ -->\n<title>Onde comprar rede de prote\u00e7\u00e3o para janela de apartamento com instala\u00e7\u00e3o profissional<\/title>\n<meta name=\"description\" content=\"Saiba onde comprar rede de prote\u00e7\u00e3o para janela de apartamento com instala\u00e7\u00e3o profissional e certificada em S\u00e3o Paulo.\" \/>\n<meta name=\"robots\" content=\"index, follow, max-snippet:-1, max-image-preview:large, max-video-preview:-1\" \/>\n<link rel=\"canonical\" href=\"https:\/\/www.sevenredes.com.br\/blog\/onde-comprar-rede-de-protecao-para-janela-de-apartamento-com-instalacao-profissional\/\" \/>\n<meta property=\"og:locale\" content=\"pt_BR\" \/>\n<meta property=\"og:type\" content=\"article\" \/>\n<meta property=\"og:title\" content=\"Onde comprar rede de prote\u00e7\u00e3o para janela de apartamento com instala\u00e7\u00e3o profissional\" \/>\n<meta property=\"og:description\" content=\"Saiba onde comprar rede de prote\u00e7\u00e3o para janela de apartamento com instala\u00e7\u00e3o profissional e certificada em S\u00e3o Paulo.\" \/>\n<meta property=\"og:url\" content=\"https:\/\/www.sevenredes.com.br\/blog\/onde-comprar-rede-de-protecao-para-janela-de-apartamento-com-instalacao-profissional\/\" \/>\n<meta property=\"og:site_name\" content=\"Blog\" \/>\n<meta property=\"article:published_time\" content=\"2026-03-09T14:28:45+00:00\" \/>\n<meta property=\"article:modified_time\" content=\"2026-03-09T14:28:50+00:00\" \/>\n<meta property=\"og:image\" content=\"https:\/\/www.sevenredes.com.br\/blog\/wp-content\/uploads\/2026\/03\/ChatGPT-Image-9-de-mar.-de-2026-11_25_55.jpg\" \/>\n\t<meta property=\"og:image:width\" content=\"1024\" \/>\n\t<meta property=\"og:image:height\" content=\"1536\" \/>\n\t<meta property=\"og:image:type\" content=\"image\/jpeg\" \/>\n<meta name=\"author\" content=\"admin\" \/>\n<meta name=\"twitter:card\" content=\"summary_large_image\" \/>\n<meta name=\"twitter:label1\" content=\"Escrito por\" \/>\n\t<meta name=\"twitter:data1\" content=\"admin\" \/>\n\t<meta name=\"twitter:label2\" content=\"Est. tempo de leitura\" \/>\n\t<meta name=\"twitter:data2\" content=\"6 minutos\" \/>\n<script type=\"application\/ld+json\" class=\"yoast-schema-graph\">{\"@context\":\"https:\/\/schema.org\",\"@graph\":[{\"@type\":\"Article\",\"@id\":\"https:\/\/www.sevenredes.com.br\/blog\/onde-comprar-rede-de-protecao-para-janela-de-apartamento-com-instalacao-profissional\/#article\",\"isPartOf\":{\"@id\":\"https:\/\/www.sevenredes.com.br\/blog\/onde-comprar-rede-de-protecao-para-janela-de-apartamento-com-instalacao-profissional\/\"},\"author\":{\"name\":\"admin\",\"@id\":\"https:\/\/www.sevenredes.com.br\/blog\/#\/schema\/person\/c880fdb41f1fd4f705873d88767c117d\"},\"headline\":\"Onde comprar rede de prote\u00e7\u00e3o para janela de apartamento com instala\u00e7\u00e3o profissional\",\"datePublished\":\"2026-03-09T14:28:45+00:00\",\"dateModified\":\"2026-03-09T14:28:50+00:00\",\"mainEntityOfPage\":{\"@id\":\"https:\/\/www.sevenredes.com.br\/blog\/onde-comprar-rede-de-protecao-para-janela-de-apartamento-com-instalacao-profissional\/\"},\"wordCount\":1068,\"commentCount\":0,\"publisher\":{\"@id\":\"https:\/\/www.sevenredes.com.br\/blog\/#organization\"},\"image\":{\"@id\":\"https:\/\/www.sevenredes.com.br\/blog\/onde-comprar-rede-de-protecao-para-janela-de-apartamento-com-instalacao-profissional\/#primaryimage\"},\"thumbnailUrl\":\"https:\/\/www.sevenredes.com.br\/blog\/wp-content\/uploads\/2026\/03\/ChatGPT-Image-9-de-mar.-de-2026-11_25_55.jpg\",\"keywords\":[\"f\u00e1brica de rede de prote\u00e7\u00e3o para janela basculante\",\"f\u00e1brica de rede de prote\u00e7\u00e3o para janelas\",\"fabricante de rede de prote\u00e7\u00e3o para janela basculante\",\"fabricante de rede de prote\u00e7\u00e3o para janelas\",\"fornecedor de rede de prote\u00e7\u00e3o para janela basculante\",\"fornecedor de rede de prote\u00e7\u00e3o para janelas\",\"rede de prote\u00e7\u00e3o para janela basculante comprar\",\"rede de prote\u00e7\u00e3o para janela basculante direto da fabrica\",\"rede de prote\u00e7\u00e3o para janela basculante em Campo Belo\",\"rede de prote\u00e7\u00e3o para janela basculante em Diadema\",\"rede de prote\u00e7\u00e3o para janela basculante em Guarulhos\",\"rede de prote\u00e7\u00e3o para janela basculante em Osasco\",\"rede de prote\u00e7\u00e3o para janela basculante em Parais\u00f3polis\",\"rede de prote\u00e7\u00e3o para janela basculante em Santo Andr\u00e9\",\"rede de prote\u00e7\u00e3o para janela basculante em S\u00e3o Bernardo\",\"rede de prote\u00e7\u00e3o para janela basculante em S\u00e3o Caetano\",\"rede de prote\u00e7\u00e3o para janela basculante em s\u00e3o paulo\",\"rede de prote\u00e7\u00e3o para janela basculante em sp\",\"rede de prote\u00e7\u00e3o para janela basculante na baixada santista\",\"rede de prote\u00e7\u00e3o para janela basculante na Moema\",\"rede de prote\u00e7\u00e3o para janela basculante na Vila Andrade\",\"rede de prote\u00e7\u00e3o para janela basculante na Vila Congonhas\",\"rede de prote\u00e7\u00e3o para janela basculante na Vila Mariana\",\"rede de prote\u00e7\u00e3o para janela basculante na Vila Ol\u00edmpia\",\"rede de prote\u00e7\u00e3o para janela basculante na zona leste\",\"rede de prote\u00e7\u00e3o para janela basculante na zona norte\",\"rede de prote\u00e7\u00e3o para janela basculante na zona oeste\",\"rede de prote\u00e7\u00e3o para janela basculante na zona sul\",\"rede de prote\u00e7\u00e3o para janela basculante no ABC\",\"rede de prote\u00e7\u00e3o para janela basculante no Brooklin\",\"rede de prote\u00e7\u00e3o para janela basculante no centro\",\"rede de prote\u00e7\u00e3o para janela basculante no Itaim Bibi\",\"rede de prote\u00e7\u00e3o para janela basculante onde encontrar\",\"rede de prote\u00e7\u00e3o para janela basculante perto de mim\",\"rede de prote\u00e7\u00e3o para janela basculante pre\u00e7o\",\"rede de prote\u00e7\u00e3o para janela basculante pr\u00f3ximo a mim\",\"rede de prote\u00e7\u00e3o para janelas comprar\",\"rede de prote\u00e7\u00e3o para janelas direto da fabrica\",\"rede de prote\u00e7\u00e3o para janelas em Campo Belo\",\"rede de prote\u00e7\u00e3o para janelas em Diadema\",\"rede de prote\u00e7\u00e3o para janelas em Guarulhos\",\"rede de prote\u00e7\u00e3o para janelas em Osasco\",\"rede de prote\u00e7\u00e3o para janelas em Parais\u00f3polis\",\"rede de prote\u00e7\u00e3o para janelas em Santo Andr\u00e9\",\"rede de prote\u00e7\u00e3o para janelas em S\u00e3o Bernardo\",\"rede de prote\u00e7\u00e3o para janelas em S\u00e3o Caetano\",\"rede de prote\u00e7\u00e3o para janelas em s\u00e3o paulo\",\"rede de prote\u00e7\u00e3o para janelas em sp\",\"rede de prote\u00e7\u00e3o para janelas na baixada santista\",\"rede de prote\u00e7\u00e3o para janelas na Moema\",\"rede de prote\u00e7\u00e3o para janelas na Vila Andrade\",\"rede de prote\u00e7\u00e3o para janelas na Vila Congonhas\",\"rede de prote\u00e7\u00e3o para janelas na Vila Mariana\",\"rede de prote\u00e7\u00e3o para janelas na Vila Ol\u00edmpia\",\"rede de prote\u00e7\u00e3o para janelas na zona leste\",\"rede de prote\u00e7\u00e3o para janelas na zona norte\",\"rede de prote\u00e7\u00e3o para janelas na zona oeste\",\"rede de prote\u00e7\u00e3o para janelas na zona sul\",\"rede de prote\u00e7\u00e3o para janelas no ABC\",\"rede de prote\u00e7\u00e3o para janelas no Brooklin\",\"rede de prote\u00e7\u00e3o para janelas no centro\",\"rede de prote\u00e7\u00e3o para janelas no Itaim Bibi\",\"rede de prote\u00e7\u00e3o para janelas onde encontrar\",\"rede de prote\u00e7\u00e3o para janelas perto de mim\",\"rede de prote\u00e7\u00e3o para janelas pre\u00e7o\",\"rede de prote\u00e7\u00e3o para janelas pr\u00f3ximo a mim\"],\"articleSection\":[\"rede de prote\u00e7\u00e3o\"],\"inLanguage\":\"pt-BR\",\"potentialAction\":[{\"@type\":\"CommentAction\",\"name\":\"Comment\",\"target\":[\"https:\/\/www.sevenredes.com.br\/blog\/onde-comprar-rede-de-protecao-para-janela-de-apartamento-com-instalacao-profissional\/#respond\"]}]},{\"@type\":\"WebPage\",\"@id\":\"https:\/\/www.sevenredes.com.br\/blog\/onde-comprar-rede-de-protecao-para-janela-de-apartamento-com-instalacao-profissional\/\",\"url\":\"https:\/\/www.sevenredes.com.br\/blog\/onde-comprar-rede-de-protecao-para-janela-de-apartamento-com-instalacao-profissional\/\",\"name\":\"Onde comprar rede de prote\u00e7\u00e3o para janela de apartamento com instala\u00e7\u00e3o profissional\",\"isPartOf\":{\"@id\":\"https:\/\/www.sevenredes.com.br\/blog\/#website\"},\"primaryImageOfPage\":{\"@id\":\"https:\/\/www.sevenredes.com.br\/blog\/onde-comprar-rede-de-protecao-para-janela-de-apartamento-com-instalacao-profissional\/#primaryimage\"},\"image\":{\"@id\":\"https:\/\/www.sevenredes.com.br\/blog\/onde-comprar-rede-de-protecao-para-janela-de-apartamento-com-instalacao-profissional\/#primaryimage\"},\"thumbnailUrl\":\"https:\/\/www.sevenredes.com.br\/blog\/wp-content\/uploads\/2026\/03\/ChatGPT-Image-9-de-mar.-de-2026-11_25_55.jpg\",\"datePublished\":\"2026-03-09T14:28:45+00:00\",\"dateModified\":\"2026-03-09T14:28:50+00:00\",\"description\":\"Saiba onde comprar rede de prote\u00e7\u00e3o para janela de apartamento com instala\u00e7\u00e3o profissional e certificada em S\u00e3o Paulo.\",\"breadcrumb\":{\"@id\":\"https:\/\/www.sevenredes.com.br\/blog\/onde-comprar-rede-de-protecao-para-janela-de-apartamento-com-instalacao-profissional\/#breadcrumb\"},\"inLanguage\":\"pt-BR\",\"potentialAction\":[{\"@type\":\"ReadAction\",\"target\":[\"https:\/\/www.sevenredes.com.br\/blog\/onde-comprar-rede-de-protecao-para-janela-de-apartamento-com-instalacao-profissional\/\"]}]},{\"@type\":\"ImageObject\",\"inLanguage\":\"pt-BR\",\"@id\":\"https:\/\/www.sevenredes.com.br\/blog\/onde-comprar-rede-de-protecao-para-janela-de-apartamento-com-instalacao-profissional\/#primaryimage\",\"url\":\"https:\/\/www.sevenredes.com.br\/blog\/wp-content\/uploads\/2026\/03\/ChatGPT-Image-9-de-mar.-de-2026-11_25_55.jpg\",\"contentUrl\":\"https:\/\/www.sevenredes.com.br\/blog\/wp-content\/uploads\/2026\/03\/ChatGPT-Image-9-de-mar.-de-2026-11_25_55.jpg\",\"width\":1024,\"height\":1536,\"caption\":\"Onde comprar rede de prote\u00e7\u00e3o com instala\u00e7\u00e3o t\u00e9cnica e garantia em S\u00e3o Paulo\"},{\"@type\":\"BreadcrumbList\",\"@id\":\"https:\/\/www.sevenredes.com.br\/blog\/onde-comprar-rede-de-protecao-para-janela-de-apartamento-com-instalacao-profissional\/#breadcrumb\",\"itemListElement\":[{\"@type\":\"ListItem\",\"position\":1,\"name\":\"In\u00edcio\",\"item\":\"https:\/\/www.sevenredes.com.br\/blog\/\"},{\"@type\":\"ListItem\",\"position\":2,\"name\":\"Onde comprar rede de prote\u00e7\u00e3o para janela de apartamento com instala\u00e7\u00e3o profissional\"}]},{\"@type\":\"WebSite\",\"@id\":\"https:\/\/www.sevenredes.com.br\/blog\/#website\",\"url\":\"https:\/\/www.sevenredes.com.br\/blog\/\",\"name\":\"Blog\",\"description\":\"\",\"publisher\":{\"@id\":\"https:\/\/www.sevenredes.com.br\/blog\/#organization\"},\"potentialAction\":[{\"@type\":\"SearchAction\",\"target\":{\"@type\":\"EntryPoint\",\"urlTemplate\":\"https:\/\/www.sevenredes.com.br\/blog\/?s={search_term_string}\"},\"query-input\":{\"@type\":\"PropertyValueSpecification\",\"valueRequired\":true,\"valueName\":\"search_term_string\"}}],\"inLanguage\":\"pt-BR\"},{\"@type\":\"Organization\",\"@id\":\"https:\/\/www.sevenredes.com.br\/blog\/#organization\",\"name\":\"Blog\",\"url\":\"https:\/\/www.sevenredes.com.br\/blog\/\",\"logo\":{\"@type\":\"ImageObject\",\"inLanguage\":\"pt-BR\",\"@id\":\"https:\/\/www.sevenredes.com.br\/blog\/#\/schema\/logo\/image\/\",\"url\":\"https:\/\/www.sevenredes.com.br\/blog\/wp-content\/uploads\/2026\/01\/logo-1.webp\",\"contentUrl\":\"https:\/\/www.sevenredes.com.br\/blog\/wp-content\/uploads\/2026\/01\/logo-1.webp\",\"width\":761,\"height\":316,\"caption\":\"Blog\"},\"image\":{\"@id\":\"https:\/\/www.sevenredes.com.br\/blog\/#\/schema\/logo\/image\/\"}},{\"@type\":\"Person\",\"@id\":\"https:\/\/www.sevenredes.com.br\/blog\/#\/schema\/person\/c880fdb41f1fd4f705873d88767c117d\",\"name\":\"admin\",\"image\":{\"@type\":\"ImageObject\",\"inLanguage\":\"pt-BR\",\"@id\":\"https:\/\/www.sevenredes.com.br\/blog\/#\/schema\/person\/image\/\",\"url\":\"https:\/\/secure.gravatar.com\/avatar\/d2abb7e535a7590a6f9b76c75c90ec5441db3a04a205e6d66ecabfb80081f172?s=96&d=mm&r=g\",\"contentUrl\":\"https:\/\/secure.gravatar.com\/avatar\/d2abb7e535a7590a6f9b76c75c90ec5441db3a04a205e6d66ecabfb80081f172?s=96&d=mm&r=g\",\"caption\":\"admin\"},\"sameAs\":[\"https:\/\/sevenredes.com.br\/blog\"],\"url\":\"https:\/\/www.sevenredes.com.br\/blog\/author\/admin\/\"}]}<\/script>\n<!-- \/ Yoast SEO plugin. -->","yoast_head_json":{"title":"Onde comprar rede de prote\u00e7\u00e3o para janela de apartamento com instala\u00e7\u00e3o profissional","description":"Saiba onde comprar rede de prote\u00e7\u00e3o para janela de apartamento com instala\u00e7\u00e3o profissional e certificada em S\u00e3o Paulo.","robots":{"index":"index","follow":"follow","max-snippet":"max-snippet:-1","max-image-preview":"max-image-preview:large","max-video-preview":"max-video-preview:-1"},"canonical":"https:\/\/www.sevenredes.com.br\/blog\/onde-comprar-rede-de-protecao-para-janela-de-apartamento-com-instalacao-profissional\/","og_locale":"pt_BR","og_type":"article","og_title":"Onde comprar rede de prote\u00e7\u00e3o para janela de apartamento com instala\u00e7\u00e3o profissional","og_description":"Saiba onde comprar rede de prote\u00e7\u00e3o para janela de apartamento com instala\u00e7\u00e3o profissional e certificada em S\u00e3o Paulo.","og_url":"https:\/\/www.sevenredes.com.br\/blog\/onde-comprar-rede-de-protecao-para-janela-de-apartamento-com-instalacao-profissional\/","og_site_name":"Blog","article_published_time":"2026-03-09T14:28:45+00:00","article_modified_time":"2026-03-09T14:28:50+00:00","og_image":[{"width":1024,"height":1536,"url":"https:\/\/www.sevenredes.com.br\/blog\/wp-content\/uploads\/2026\/03\/ChatGPT-Image-9-de-mar.-de-2026-11_25_55.jpg","type":"image\/jpeg"}],"author":"admin","twitter_card":"summary_large_image","twitter_misc":{"Escrito por":"admin","Est. tempo de leitura":"6 minutos"},"schema":{"@context":"https:\/\/schema.org","@graph":[{"@type":"Article","@id":"https:\/\/www.sevenredes.com.br\/blog\/onde-comprar-rede-de-protecao-para-janela-de-apartamento-com-instalacao-profissional\/#article","isPartOf":{"@id":"https:\/\/www.sevenredes.com.br\/blog\/onde-comprar-rede-de-protecao-para-janela-de-apartamento-com-instalacao-profissional\/"},"author":{"name":"admin","@id":"https:\/\/www.sevenredes.com.br\/blog\/#\/schema\/person\/c880fdb41f1fd4f705873d88767c117d"},"headline":"Onde comprar rede de prote\u00e7\u00e3o para janela de apartamento com instala\u00e7\u00e3o profissional","datePublished":"2026-03-09T14:28:45+00:00","dateModified":"2026-03-09T14:28:50+00:00","mainEntityOfPage":{"@id":"https:\/\/www.sevenredes.com.br\/blog\/onde-comprar-rede-de-protecao-para-janela-de-apartamento-com-instalacao-profissional\/"},"wordCount":1068,"commentCount":0,"publisher":{"@id":"https:\/\/www.sevenredes.com.br\/blog\/#organization"},"image":{"@id":"https:\/\/www.sevenredes.com.br\/blog\/onde-comprar-rede-de-protecao-para-janela-de-apartamento-com-instalacao-profissional\/#primaryimage"},"thumbnailUrl":"https:\/\/www.sevenredes.com.br\/blog\/wp-content\/uploads\/2026\/03\/ChatGPT-Image-9-de-mar.-de-2026-11_25_55.jpg","keywords":["f\u00e1brica de rede de prote\u00e7\u00e3o para janela basculante","f\u00e1brica de rede de prote\u00e7\u00e3o para janelas","fabricante de rede de prote\u00e7\u00e3o para janela basculante","fabricante de rede de prote\u00e7\u00e3o para janelas","fornecedor de rede de prote\u00e7\u00e3o para janela basculante","fornecedor de rede de prote\u00e7\u00e3o para janelas","rede de prote\u00e7\u00e3o para janela basculante comprar","rede de prote\u00e7\u00e3o para janela basculante direto da fabrica","rede de prote\u00e7\u00e3o para janela basculante em Campo Belo","rede de prote\u00e7\u00e3o para janela basculante em Diadema","rede de prote\u00e7\u00e3o para janela basculante em Guarulhos","rede de prote\u00e7\u00e3o para janela basculante em Osasco","rede de prote\u00e7\u00e3o para janela basculante em Parais\u00f3polis","rede de prote\u00e7\u00e3o para janela basculante em Santo Andr\u00e9","rede de prote\u00e7\u00e3o para janela basculante em S\u00e3o Bernardo","rede de prote\u00e7\u00e3o para janela basculante em S\u00e3o Caetano","rede de prote\u00e7\u00e3o para janela basculante em s\u00e3o paulo","rede de prote\u00e7\u00e3o para janela basculante em sp","rede de prote\u00e7\u00e3o para janela basculante na baixada santista","rede de prote\u00e7\u00e3o para janela basculante na Moema","rede de prote\u00e7\u00e3o para janela basculante na Vila Andrade","rede de prote\u00e7\u00e3o para janela basculante na Vila Congonhas","rede de prote\u00e7\u00e3o para janela basculante na Vila Mariana","rede de prote\u00e7\u00e3o para janela basculante na Vila Ol\u00edmpia","rede de prote\u00e7\u00e3o para janela basculante na zona leste","rede de prote\u00e7\u00e3o para janela basculante na zona norte","rede de prote\u00e7\u00e3o para janela basculante na zona oeste","rede de prote\u00e7\u00e3o para janela basculante na zona sul","rede de prote\u00e7\u00e3o para janela basculante no ABC","rede de prote\u00e7\u00e3o para janela basculante no Brooklin","rede de prote\u00e7\u00e3o para janela basculante no centro","rede de prote\u00e7\u00e3o para janela basculante no Itaim Bibi","rede de prote\u00e7\u00e3o para janela basculante onde encontrar","rede de prote\u00e7\u00e3o para janela basculante perto de mim","rede de prote\u00e7\u00e3o para janela basculante pre\u00e7o","rede de prote\u00e7\u00e3o para janela basculante pr\u00f3ximo a mim","rede de prote\u00e7\u00e3o para janelas comprar","rede de prote\u00e7\u00e3o para janelas direto da fabrica","rede de prote\u00e7\u00e3o para janelas em Campo Belo","rede de prote\u00e7\u00e3o para janelas em Diadema","rede de prote\u00e7\u00e3o para janelas em Guarulhos","rede de prote\u00e7\u00e3o para janelas em Osasco","rede de prote\u00e7\u00e3o para janelas em Parais\u00f3polis","rede de prote\u00e7\u00e3o para janelas em Santo Andr\u00e9","rede de prote\u00e7\u00e3o para janelas em S\u00e3o Bernardo","rede de prote\u00e7\u00e3o para janelas em S\u00e3o Caetano","rede de prote\u00e7\u00e3o para janelas em s\u00e3o paulo","rede de prote\u00e7\u00e3o para janelas em sp","rede de prote\u00e7\u00e3o para janelas na baixada santista","rede de prote\u00e7\u00e3o para janelas na Moema","rede de prote\u00e7\u00e3o para janelas na Vila Andrade","rede de prote\u00e7\u00e3o para janelas na Vila Congonhas","rede de prote\u00e7\u00e3o para janelas na Vila Mariana","rede de prote\u00e7\u00e3o para janelas na Vila Ol\u00edmpia","rede de prote\u00e7\u00e3o para janelas na zona leste","rede de prote\u00e7\u00e3o para janelas na zona norte","rede de prote\u00e7\u00e3o para janelas na zona oeste","rede de prote\u00e7\u00e3o para janelas na zona sul","rede de prote\u00e7\u00e3o para janelas no ABC","rede de prote\u00e7\u00e3o para janelas no Brooklin","rede de prote\u00e7\u00e3o para janelas no centro","rede de prote\u00e7\u00e3o para janelas no Itaim Bibi","rede de prote\u00e7\u00e3o para janelas onde encontrar","rede de prote\u00e7\u00e3o para janelas perto de mim","rede de prote\u00e7\u00e3o para janelas pre\u00e7o","rede de prote\u00e7\u00e3o para janelas pr\u00f3ximo a mim"],"articleSection":["rede de prote\u00e7\u00e3o"],"inLanguage":"pt-BR","potentialAction":[{"@type":"CommentAction","name":"Comment","target":["https:\/\/www.sevenredes.com.br\/blog\/onde-comprar-rede-de-protecao-para-janela-de-apartamento-com-instalacao-profissional\/#respond"]}]},{"@type":"WebPage","@id":"https:\/\/www.sevenredes.com.br\/blog\/onde-comprar-rede-de-protecao-para-janela-de-apartamento-com-instalacao-profissional\/","url":"https:\/\/www.sevenredes.com.br\/blog\/onde-comprar-rede-de-protecao-para-janela-de-apartamento-com-instalacao-profissional\/","name":"Onde comprar rede de prote\u00e7\u00e3o para janela de apartamento com instala\u00e7\u00e3o profissional","isPartOf":{"@id":"https:\/\/www.sevenredes.com.br\/blog\/#website"},"primaryImageOfPage":{"@id":"https:\/\/www.sevenredes.com.br\/blog\/onde-comprar-rede-de-protecao-para-janela-de-apartamento-com-instalacao-profissional\/#primaryimage"},"image":{"@id":"https:\/\/www.sevenredes.com.br\/blog\/onde-comprar-rede-de-protecao-para-janela-de-apartamento-com-instalacao-profissional\/#primaryimage"},"thumbnailUrl":"https:\/\/www.sevenredes.com.br\/blog\/wp-content\/uploads\/2026\/03\/ChatGPT-Image-9-de-mar.-de-2026-11_25_55.jpg","datePublished":"2026-03-09T14:28:45+00:00","dateModified":"2026-03-09T14:28:50+00:00","description":"Saiba onde comprar rede de prote\u00e7\u00e3o para janela de apartamento com instala\u00e7\u00e3o profissional e certificada em S\u00e3o Paulo.","breadcrumb":{"@id":"https:\/\/www.sevenredes.com.br\/blog\/onde-comprar-rede-de-protecao-para-janela-de-apartamento-com-instalacao-profissional\/#breadcrumb"},"inLanguage":"pt-BR","potentialAction":[{"@type":"ReadAction","target":["https:\/\/www.sevenredes.com.br\/blog\/onde-comprar-rede-de-protecao-para-janela-de-apartamento-com-instalacao-profissional\/"]}]},{"@type":"ImageObject","inLanguage":"pt-BR","@id":"https:\/\/www.sevenredes.com.br\/blog\/onde-comprar-rede-de-protecao-para-janela-de-apartamento-com-instalacao-profissional\/#primaryimage","url":"https:\/\/www.sevenredes.com.br\/blog\/wp-content\/uploads\/2026\/03\/ChatGPT-Image-9-de-mar.-de-2026-11_25_55.jpg","contentUrl":"https:\/\/www.sevenredes.com.br\/blog\/wp-content\/uploads\/2026\/03\/ChatGPT-Image-9-de-mar.-de-2026-11_25_55.jpg","width":1024,"height":1536,"caption":"Onde comprar rede de prote\u00e7\u00e3o com instala\u00e7\u00e3o t\u00e9cnica e garantia em S\u00e3o Paulo"},{"@type":"BreadcrumbList","@id":"https:\/\/www.sevenredes.com.br\/blog\/onde-comprar-rede-de-protecao-para-janela-de-apartamento-com-instalacao-profissional\/#breadcrumb","itemListElement":[{"@type":"ListItem","position":1,"name":"In\u00edcio","item":"https:\/\/www.sevenredes.com.br\/blog\/"},{"@type":"ListItem","position":2,"name":"Onde comprar rede de prote\u00e7\u00e3o para janela de apartamento com instala\u00e7\u00e3o profissional"}]},{"@type":"WebSite","@id":"https:\/\/www.sevenredes.com.br\/blog\/#website","url":"https:\/\/www.sevenredes.com.br\/blog\/","name":"Blog","description":"","publisher":{"@id":"https:\/\/www.sevenredes.com.br\/blog\/#organization"},"potentialAction":[{"@type":"SearchAction","target":{"@type":"EntryPoint","urlTemplate":"https:\/\/www.sevenredes.com.br\/blog\/?s={search_term_string}"},"query-input":{"@type":"PropertyValueSpecification","valueRequired":true,"valueName":"search_term_string"}}],"inLanguage":"pt-BR"},{"@type":"Organization","@id":"https:\/\/www.sevenredes.com.br\/blog\/#organization","name":"Blog","url":"https:\/\/www.sevenredes.com.br\/blog\/","logo":{"@type":"ImageObject","inLanguage":"pt-BR","@id":"https:\/\/www.sevenredes.com.br\/blog\/#\/schema\/logo\/image\/","url":"https:\/\/www.sevenredes.com.br\/blog\/wp-content\/uploads\/2026\/01\/logo-1.webp","contentUrl":"https:\/\/www.sevenredes.com.br\/blog\/wp-content\/uploads\/2026\/01\/logo-1.webp","width":761,"height":316,"caption":"Blog"},"image":{"@id":"https:\/\/www.sevenredes.com.br\/blog\/#\/schema\/logo\/image\/"}},{"@type":"Person","@id":"https:\/\/www.sevenredes.com.br\/blog\/#\/schema\/person\/c880fdb41f1fd4f705873d88767c117d","name":"admin","image":{"@type":"ImageObject","inLanguage":"pt-BR","@id":"https:\/\/www.sevenredes.com.br\/blog\/#\/schema\/person\/image\/","url":"https:\/\/secure.gravatar.com\/avatar\/d2abb7e535a7590a6f9b76c75c90ec5441db3a04a205e6d66ecabfb80081f172?s=96&d=mm&r=g","contentUrl":"https:\/\/secure.gravatar.com\/avatar\/d2abb7e535a7590a6f9b76c75c90ec5441db3a04a205e6d66ecabfb80081f172?s=96&d=mm&r=g","caption":"admin"},"sameAs":["https:\/\/sevenredes.com.br\/blog"],"url":"https:\/\/www.sevenredes.com.br\/blog\/author\/admin\/"}]}},"_links":{"self":[{"href":"https:\/\/www.sevenredes.com.br\/blog\/wp-json\/wp\/v2\/posts\/3749","targetHints":{"allow":["GET"]}}],"collection":[{"href":"https:\/\/www.sevenredes.com.br\/blog\/wp-json\/wp\/v2\/posts"}],"about":[{"href":"https:\/\/www.sevenredes.com.br\/blog\/wp-json\/wp\/v2\/types\/post"}],"author":[{"embeddable":true,"href":"https:\/\/www.sevenredes.com.br\/blog\/wp-json\/wp\/v2\/users\/1"}],"replies":[{"embeddable":true,"href":"https:\/\/www.sevenredes.com.br\/blog\/wp-json\/wp\/v2\/comments?post=3749"}],"version-history":[{"count":1,"href":"https:\/\/www.sevenredes.com.br\/blog\/wp-json\/wp\/v2\/posts\/3749\/revisions"}],"predecessor-version":[{"id":3751,"href":"https:\/\/www.sevenredes.com.br\/blog\/wp-json\/wp\/v2\/posts\/3749\/revisions\/3751"}],"wp:featuredmedia":[{"embeddable":true,"href":"https:\/\/www.sevenredes.com.br\/blog\/wp-json\/wp\/v2\/media\/3750"}],"wp:attachment":[{"href":"https:\/\/www.sevenredes.com.br\/blog\/wp-json\/wp\/v2\/media?parent=3749"}],"wp:term":[{"taxonomy":"category","embeddable":true,"href":"https:\/\/www.sevenredes.com.br\/blog\/wp-json\/wp\/v2\/categories?post=3749"},{"taxonomy":"post_tag","embeddable":true,"href":"https:\/\/www.sevenredes.com.br\/blog\/wp-json\/wp\/v2\/tags?post=3749"}],"curies":[{"name":"wp","href":"https:\/\/api.w.org\/{rel}","templated":true}]}}