{"id":3757,"date":"2026-04-15T10:43:24","date_gmt":"2026-04-15T13:43:24","guid":{"rendered":"https:\/\/sevenredes.com.br\/blog\/?p=3757"},"modified":"2026-04-15T10:43:52","modified_gmt":"2026-04-15T13:43:52","slug":"onde-comprar-rede-de-protecao-com-instalacao-tecnica-e-garantia-em-sp","status":"publish","type":"post","link":"https:\/\/www.sevenredes.com.br\/blog\/onde-comprar-rede-de-protecao-com-instalacao-tecnica-e-garantia-em-sp\/","title":{"rendered":"Onde comprar rede de prote\u00e7\u00e3o com instala\u00e7\u00e3o t\u00e9cnica e garantia em S\u00e3o Paulo"},"content":{"rendered":"<span class=\"span-reading-time rt-reading-time\" style=\"display: block;\"><span class=\"rt-label rt-prefix\">Tempo de leitura:<\/span> <span class=\"rt-time\"> 4<\/span> <span class=\"rt-label rt-postfix\">minutos<\/span><\/span>\n<p class=\"has-medium-font-size\"><strong><em>Saiba onde comprar rede de prote\u00e7\u00e3o em S\u00e3o Paulo com instala\u00e7\u00e3o certificada NBR 16046, garantia e seguran\u00e7a para crian\u00e7as e pets.<\/em><\/strong><\/p>\n\n\n\n<h2 class=\"wp-block-heading\"><strong>Onde comprar rede de prote\u00e7\u00e3o que realmente protege?<\/strong><\/h2>\n\n\n\n<p>Quando o assunto \u00e9 a seguran\u00e7a de crian\u00e7as e animais em apartamentos, a escolha da rede de prote\u00e7\u00e3o vai muito al\u00e9m do pre\u00e7o por metro quadrado. O que define se uma instala\u00e7\u00e3o \u00e9 segura ou arriscada \u00e9 a soma de tr\u00eas elementos: material certificado, execu\u00e7\u00e3o t\u00e9cnica e garantia documentada.<\/p>\n\n\n\n<p>Em S\u00e3o Paulo, o mercado tem muitas op\u00e7\u00f5es, de instaladores aut\u00f4nomos a empresas especializadas. A diferen\u00e7a entre elas \u00e9 justamente o que voc\u00ea n\u00e3o v\u00ea de imediato: a conformidade com a <strong>ABNT NBR 16046<\/strong>, a norma t\u00e9cnica brasileira que regulamenta fabrica\u00e7\u00e3o e instala\u00e7\u00e3o de redes de prote\u00e7\u00e3o em edifica\u00e7\u00f5es.<\/p>\n\n\n\n<p>Procurar onde comprar rede de prote\u00e7\u00e3o com esse n\u00edvel de exig\u00eancia \u00e9 o ponto de partida certo, e \u00e9 exatamente isso que a <a href=\"https:\/\/www.sevenredes.com.br\/\">Seven Redes<\/a> entrega.<\/p>\n\n\n\n<ul class=\"wp-block-list\">\n<li><a href=\"https:\/\/sevenredes.com.br\/blog\/onde-comprar-tela-mosquiteiro-para-janela-na-zona-sul-de-sp\/\">Onde comprar tela mosquiteiro para janela na zona sul de SP<\/a><\/li>\n<\/ul>\n\n\n\n<h2 class=\"wp-block-heading\"><strong>O que diz a norma ABNT NBR 16046 e por que ela importa<\/strong><\/h2>\n\n\n\n<p>A ABNT NBR 16046 \u00e9 o conjunto de requisitos m\u00ednimos para redes de prote\u00e7\u00e3o em edifica\u00e7\u00f5es, cobrindo desde a fabrica\u00e7\u00e3o do material at\u00e9 os procedimentos de instala\u00e7\u00e3o em altura. Ela define crit\u00e9rios como espessura dos fios, tamanho m\u00e1ximo da malha, tipo de ganchos, ancoragem e espa\u00e7amento entre pontos de fixa\u00e7\u00e3o.<\/p>\n\n\n\n<p>Sem essa norma como base, a instala\u00e7\u00e3o pode parecer firme \u00e0 primeira vista e ceder sob press\u00e3o real, que \u00e9 exatamente o cen\u00e1rio que nenhuma fam\u00edlia quer enfrentar. Por isso, solicitar o laudo de conformidade NBR 16046 antes de fechar qualquer or\u00e7amento \u00e9 uma pr\u00e1tica indispens\u00e1vel.<\/p>\n\n\n\n<p>A Seven Redes trabalha com redes certificadas, materiais de alta performance e instala\u00e7\u00e3o dentro dos par\u00e2metros t\u00e9cnicos exigidos pela norma, assegurando que cada projeto entregue tenha desempenho comprovado.<\/p>\n\n\n\n<ul class=\"wp-block-list\">\n<li><a href=\"https:\/\/sevenredes.com.br\/blog\/onde-comprar-rede-de-protecao-para-janela-de-apartamento-com-instalacao-profissional\/\">Onde comprar rede de prote\u00e7\u00e3o para janela de apartamento com instala\u00e7\u00e3o profissional<\/a><\/li>\n<\/ul>\n\n\n\n<h2 class=\"wp-block-heading\"><strong>Redes de prote\u00e7\u00e3o para crian\u00e7as e pets: o que muda no projeto<\/strong><\/h2>\n\n\n\n<h3 class=\"wp-block-heading\"><strong>Para crian\u00e7as<\/strong><\/h3>\n\n\n\n<p>A prote\u00e7\u00e3o de janelas e sacadas onde crian\u00e7as circulam exige redes com malha adequada, tensionamento correto e fixa\u00e7\u00e3o que suporte impactos repentinos. A estrutura precisa resistir ao peso e \u00e0 press\u00e3o sem ceder, e a instala\u00e7\u00e3o deve cobrir toda a extens\u00e3o do v\u00e3o sem deixar brechas nas laterais ou na parte inferior.<\/p>\n\n\n\n<p>O tipo de esquadria tamb\u00e9m interfere no projeto. Janelas de correr, pivotantes, basculantes e maxim-ar t\u00eam configura\u00e7\u00f5es de fixa\u00e7\u00e3o distintas, e a adapta\u00e7\u00e3o t\u00e9cnica \u00e9 feita pela equipe de instala\u00e7\u00e3o, sem comprometer o funcionamento normal das folhas de vidro.<\/p>\n\n\n\n<h3 class=\"wp-block-heading\"><strong>Para gatos e outros pets<\/strong><\/h3>\n\n\n\n<p>Quem tem gatos sabe que a curiosidade deles n\u00e3o respeita altura. Para essa finalidade, a malha recomendada \u00e9 a 3&#215;3 cm, que impede a passagem at\u00e9 de filhotes ou animais de pequeno porte. A Seven Redes oferece essa configura\u00e7\u00e3o como parte do cat\u00e1logo padr\u00e3o, com o mesmo n\u00edvel t\u00e9cnico aplicado \u00e0s instala\u00e7\u00f5es residenciais convencionais.<\/p>\n\n\n\n<p>A diferen\u00e7a n\u00e3o \u00e9 s\u00f3 no tamanho da malha. \u00c9 na execu\u00e7\u00e3o: tensionamento preciso, sem folgas nas bordas, e fixa\u00e7\u00e3o que suporte movimentos bruscos do animal sem deslocar a estrutura.<\/p>\n\n\n\n<ul class=\"wp-block-list\">\n<li><a href=\"https:\/\/sevenredes.com.br\/blog\/onde-encontrar-instalacao-de-telas-de-protecao-com-selo-de-seguranca-abnt\/\">Onde encontrar instala\u00e7\u00e3o de telas de prote\u00e7\u00e3o com selo de seguran\u00e7a ABNT<\/a><\/li>\n<\/ul>\n\n\n\n<h2 class=\"wp-block-heading\"><strong>Por que escolher a Seven Redes para instalar sua rede de prote\u00e7\u00e3o em S\u00e3o Paulo<\/strong><\/h2>\n\n\n\n<p>A Seven Redes \u00e9 especialista em solu\u00e7\u00f5es sob medida para prote\u00e7\u00e3o de janelas, sacadas e varandas em S\u00e3o Paulo e Grande SP. O diferencial da empresa est\u00e1 em combinar produto certificado com equipe t\u00e9cnica pr\u00f3pria, o que elimina a terceiriza\u00e7\u00e3o da instala\u00e7\u00e3o e garante padroniza\u00e7\u00e3o no n\u00edvel de qualidade entregue.<\/p>\n\n\n\n<p>Veja o que est\u00e1 inclu\u00eddo em cada projeto:<\/p>\n\n\n\n<ul class=\"wp-block-list\">\n<li><strong>Projeto sob medida:<\/strong> an\u00e1lise da estrutura do im\u00f3vel, tipo de esquadria e especificidades de cada v\u00e3o antes da instala\u00e7\u00e3o.<\/li>\n\n\n\n<li><strong>Materiais certificados:<\/strong> redes em polietileno com tratamento anti-UV e resist\u00eancia a impactos, fabricadas conforme a NBR 16046.<\/li>\n\n\n\n<li><strong>Fixa\u00e7\u00e3o t\u00e9cnica:<\/strong> ganchos galvanizados, buchas espec\u00edficas e espa\u00e7amentos precisos entre os pontos de ancoragem.<\/li>\n\n\n\n<li><strong>Garantia documentada:<\/strong> servi\u00e7o com garantia formal, sem letras mi\u00fadas.<\/li>\n\n\n\n<li><strong>Atendimento \u00e1gil:<\/strong> cobertura em toda a capital e regi\u00e3o metropolitana, com or\u00e7amentos r\u00e1pidos e transparentes.<\/li>\n<\/ul>\n\n\n\n<p>A instala\u00e7\u00e3o padr\u00e3o costuma levar entre 1 e 4 horas, dependendo da quantidade de v\u00e3os. O reaproveitamento de redes anteriores n\u00e3o \u00e9 recomendado, j\u00e1 que o corte e o tensionamento s\u00e3o feitos sob medida para cada projeto.<\/p>\n\n\n\n<h2 class=\"wp-block-heading\"><strong>Onde comprar rede de prote\u00e7\u00e3o para sacadas e janelas em S\u00e3o Paulo<\/strong><\/h2>\n\n\n\n<p>A resposta direta \u00e9: em uma empresa que combine produto certificado, instala\u00e7\u00e3o t\u00e9cnica e garantia em um \u00fanico servi\u00e7o. Contratar esses elementos separados, como comprar a rede em um lugar e instalar com um aut\u00f4nomo sem v\u00ednculo, aumenta o risco de inconsist\u00eancias t\u00e9cnicas e de aus\u00eancia de responsabilidade em caso de falha.<\/p>\n\n\n\n<p>A<a href=\"https:\/\/www.sevenredes.com.br\/\"> Seven Redes<\/a> resolve esse problema com um modelo integrado: da avalia\u00e7\u00e3o ao p\u00f3s-instala\u00e7\u00e3o, toda a cadeia \u00e9 gerenciada pela mesma equipe. Isso tem peso direto na qualidade do resultado e na tranquilidade de quem contrata.<\/p>\n\n\n\n<p>Se voc\u00ea tem filhos pequenos ou pets em casa e vive em um apartamento ou sobrado com janelas ou sacadas expostas, a rede de prote\u00e7\u00e3o n\u00e3o \u00e9 um item opcional. \u00c9 uma decis\u00e3o t\u00e9cnica que precisa ser tratada como tal.<\/p>\n\n\n\n<h2 class=\"wp-block-heading\"><strong>Instala\u00e7\u00e3o profissional de rede de prote\u00e7\u00e3o: o que evitar na hora de contratar<\/strong><\/h2>\n\n\n\n<p>Instaladores sem experi\u00eancia comprovada frequentemente cometem erros que comprometem a seguran\u00e7a da estrutura: fixa\u00e7\u00f5es com espa\u00e7amento incorreto, tensionamento insuficiente e uso de ganchos inadequados para o tipo de alvenaria. Esses problemas raramente s\u00e3o vis\u00edveis imediatamente, mas se manifestam sob press\u00e3o real ou com o tempo de exposi\u00e7\u00e3o ao sol e chuva.<\/p>\n\n\n\n<p>Outro ponto de aten\u00e7\u00e3o \u00e9 a aus\u00eancia de garantia formalizada. Empresas s\u00e9rias entregam o servi\u00e7o com documenta\u00e7\u00e3o, nota fiscal e garantia registrada. Quando isso n\u00e3o \u00e9 oferecido, \u00e9 sinal claro de amadorismo.<\/p>\n\n\n\n<p>Al\u00e9m disso, vale verificar se a empresa atende \u00e0s normas de condom\u00ednio. A Seven Redes aplica cores neutras e segue as especifica\u00e7\u00f5es t\u00e9cnicas de cada fachada, garantindo compatibilidade est\u00e9tica e regulat\u00f3ria com as exig\u00eancias dos s\u00edndicos.<\/p>\n\n\n\n<h2 class=\"wp-block-heading\"><strong>Onde comprar rede de prote\u00e7\u00e3o: a escolha que n\u00e3o tem volta<\/strong><\/h2>\n\n\n\n<p>Depois de instalada, a rede de prote\u00e7\u00e3o fica ali por anos. Ela n\u00e3o \u00e9 uma compra de impulso: \u00e9 uma decis\u00e3o que carrega responsabilidade real. Por isso, o crit\u00e9rio de sele\u00e7\u00e3o precisa ir al\u00e9m do valor cobrado. O que protege de verdade \u00e9 a combina\u00e7\u00e3o de material certo, instala\u00e7\u00e3o t\u00e9cnica e garantia clara.<\/p>\n\n\n\n<p>A Seven Redes re\u00fane esses tr\u00eas elementos com atendimento especializado em S\u00e3o Paulo e Grande SP. Se voc\u00ea quer seguran\u00e7a com n\u00edvel profissional para sua fam\u00edlia e seus pets, o pr\u00f3ximo passo \u00e9 simples.<\/p>\n\n\n\n<p><strong>Solicite seu or\u00e7amento agora mesmo<\/strong> pelo site oficial da<a href=\"https:\/\/www.sevenredes.com.br\/\"> Seven Redes<\/a> e tenha a tranquilidade de uma instala\u00e7\u00e3o certificada, sob medida e com garantia documentada. Porque quando o assunto \u00e9 proteger quem voc\u00ea ama, o meio-termo n\u00e3o existe.<\/p>\n","protected":false},"excerpt":{"rendered":"<p><span class=\"span-reading-time rt-reading-time\" style=\"display: block;\"><span class=\"rt-label rt-prefix\">Tempo de leitura:<\/span> <span class=\"rt-time\"> 4<\/span> <span class=\"rt-label rt-postfix\">minutos<\/span><\/span>Saiba onde comprar rede de prote\u00e7\u00e3o em S\u00e3o Paulo com instala\u00e7\u00e3o certificada NBR 16046, garantia e seguran\u00e7a para crian\u00e7as e pets. Onde comprar rede de prote\u00e7\u00e3o que realmente protege? Quando o assunto \u00e9 a seguran\u00e7a de crian\u00e7as e animais em apartamentos, a escolha da rede de prote\u00e7\u00e3o vai muito al\u00e9m do pre\u00e7o por metro quadrado. O que define se uma instala\u00e7\u00e3o \u00e9 segura ou arriscada \u00e9 a soma de tr\u00eas elementos: material certificado, execu\u00e7\u00e3o t\u00e9cnica e garantia documentada. Em S\u00e3o Paulo, o mercado tem muitas op\u00e7\u00f5es, de instaladores aut\u00f4nomos a empresas especializadas. A diferen\u00e7a entre elas \u00e9 justamente o que voc\u00ea n\u00e3o v\u00ea de imediato: a conformidade com a ABNT NBR 16046, a norma t\u00e9cnica brasileira que regulamenta fabrica\u00e7\u00e3o e instala\u00e7\u00e3o de redes de prote\u00e7\u00e3o em edifica\u00e7\u00f5es. Procurar onde comprar rede de prote\u00e7\u00e3o com esse n\u00edvel de exig\u00eancia \u00e9 o ponto de partida certo, e \u00e9 exatamente isso que a Seven Redes entrega. O que diz a norma ABNT NBR 16046 e por que ela importa A ABNT NBR 16046 \u00e9 o conjunto de requisitos m\u00ednimos para redes de prote\u00e7\u00e3o em edifica\u00e7\u00f5es, cobrindo desde a fabrica\u00e7\u00e3o do material at\u00e9 os procedimentos de instala\u00e7\u00e3o em altura. Ela define crit\u00e9rios como espessura dos fios, tamanho m\u00e1ximo da malha, tipo de ganchos, ancoragem e espa\u00e7amento entre pontos de fixa\u00e7\u00e3o. Sem essa norma como base, a instala\u00e7\u00e3o pode parecer firme \u00e0 primeira vista e ceder sob press\u00e3o real, que \u00e9 exatamente o cen\u00e1rio que nenhuma fam\u00edlia quer enfrentar. Por isso, solicitar o laudo de conformidade NBR 16046 antes de fechar qualquer or\u00e7amento \u00e9 uma pr\u00e1tica indispens\u00e1vel. A Seven Redes trabalha com redes certificadas, materiais de alta performance e instala\u00e7\u00e3o dentro dos par\u00e2metros t\u00e9cnicos exigidos pela norma, assegurando que cada projeto entregue tenha desempenho comprovado. Redes de prote\u00e7\u00e3o para crian\u00e7as e pets: o que muda no projeto Para crian\u00e7as A prote\u00e7\u00e3o de janelas e sacadas onde crian\u00e7as circulam exige redes com malha adequada, tensionamento correto e fixa\u00e7\u00e3o que suporte impactos repentinos. A estrutura precisa resistir ao peso e \u00e0 press\u00e3o sem ceder, e a instala\u00e7\u00e3o deve cobrir toda a extens\u00e3o do v\u00e3o sem deixar brechas nas laterais ou na parte inferior. O tipo de esquadria tamb\u00e9m interfere no projeto. Janelas de correr, pivotantes, basculantes e maxim-ar t\u00eam configura\u00e7\u00f5es de fixa\u00e7\u00e3o distintas, e a adapta\u00e7\u00e3o t\u00e9cnica \u00e9 feita pela equipe de instala\u00e7\u00e3o, sem comprometer o funcionamento normal das folhas de vidro. Para gatos e outros pets Quem tem gatos sabe que a curiosidade deles n\u00e3o respeita altura. Para essa finalidade, a malha recomendada \u00e9 a 3&#215;3 cm, que impede a passagem at\u00e9 de filhotes ou animais de pequeno porte. A Seven Redes oferece essa configura\u00e7\u00e3o como parte do cat\u00e1logo padr\u00e3o, com o mesmo n\u00edvel t\u00e9cnico aplicado \u00e0s instala\u00e7\u00f5es residenciais convencionais. A diferen\u00e7a n\u00e3o \u00e9 s\u00f3 no tamanho da malha. \u00c9 na execu\u00e7\u00e3o: tensionamento preciso, sem folgas nas bordas, e fixa\u00e7\u00e3o que suporte movimentos bruscos do animal sem deslocar a estrutura. Por que escolher a Seven Redes para instalar sua rede de prote\u00e7\u00e3o em S\u00e3o Paulo A Seven Redes \u00e9 especialista em solu\u00e7\u00f5es sob medida para prote\u00e7\u00e3o de janelas, sacadas e varandas em S\u00e3o Paulo e Grande SP. O diferencial da empresa est\u00e1 em combinar produto certificado com equipe t\u00e9cnica pr\u00f3pria, o que elimina a terceiriza\u00e7\u00e3o da instala\u00e7\u00e3o e garante padroniza\u00e7\u00e3o no n\u00edvel de qualidade entregue. Veja o que est\u00e1 inclu\u00eddo em cada projeto: A instala\u00e7\u00e3o padr\u00e3o costuma levar entre 1 e 4 horas, dependendo da quantidade de v\u00e3os. O reaproveitamento de redes anteriores n\u00e3o \u00e9 recomendado, j\u00e1 que o corte e o tensionamento s\u00e3o feitos sob medida para cada projeto. Onde comprar rede de prote\u00e7\u00e3o para sacadas e janelas em S\u00e3o Paulo A resposta direta \u00e9: em uma empresa que combine produto certificado, instala\u00e7\u00e3o t\u00e9cnica e garantia em um \u00fanico servi\u00e7o. Contratar esses elementos separados, como comprar a rede em um lugar e instalar com um aut\u00f4nomo sem v\u00ednculo, aumenta o risco de inconsist\u00eancias t\u00e9cnicas e de aus\u00eancia de responsabilidade em caso de falha. A Seven Redes resolve esse problema com um modelo integrado: da avalia\u00e7\u00e3o ao p\u00f3s-instala\u00e7\u00e3o, toda a cadeia \u00e9 gerenciada pela mesma equipe. Isso tem peso direto na qualidade do resultado e na tranquilidade de quem contrata. Se voc\u00ea tem filhos pequenos ou pets em casa e vive em um apartamento ou sobrado com janelas ou sacadas expostas, a rede de prote\u00e7\u00e3o n\u00e3o \u00e9 um item opcional. \u00c9 uma decis\u00e3o t\u00e9cnica que precisa ser tratada como tal. Instala\u00e7\u00e3o profissional de rede de prote\u00e7\u00e3o: o que evitar na hora de contratar Instaladores sem experi\u00eancia comprovada frequentemente cometem erros que comprometem a seguran\u00e7a da estrutura: fixa\u00e7\u00f5es com espa\u00e7amento incorreto, tensionamento insuficiente e uso de ganchos inadequados para o tipo de alvenaria. Esses problemas raramente s\u00e3o vis\u00edveis imediatamente, mas se manifestam sob press\u00e3o real ou com o tempo de exposi\u00e7\u00e3o ao sol e chuva. Outro ponto de aten\u00e7\u00e3o \u00e9 a aus\u00eancia de garantia formalizada. Empresas s\u00e9rias entregam o servi\u00e7o com documenta\u00e7\u00e3o, nota fiscal e garantia registrada. Quando isso n\u00e3o \u00e9 oferecido, \u00e9 sinal claro de amadorismo. Al\u00e9m disso, vale verificar se a empresa atende \u00e0s normas de condom\u00ednio. A Seven Redes aplica cores neutras e segue as especifica\u00e7\u00f5es t\u00e9cnicas de cada fachada, garantindo compatibilidade est\u00e9tica e regulat\u00f3ria com as exig\u00eancias dos s\u00edndicos. Onde comprar rede de prote\u00e7\u00e3o: a escolha que n\u00e3o tem volta Depois de instalada, a rede de prote\u00e7\u00e3o fica ali por anos. Ela n\u00e3o \u00e9 uma compra de impulso: \u00e9 uma decis\u00e3o que carrega responsabilidade real. Por isso, o crit\u00e9rio de sele\u00e7\u00e3o precisa ir al\u00e9m do valor cobrado. O que protege de verdade \u00e9 a combina\u00e7\u00e3o de material certo, instala\u00e7\u00e3o t\u00e9cnica e garantia clara. A Seven Redes re\u00fane esses tr\u00eas elementos com atendimento especializado em S\u00e3o Paulo e Grande SP. Se voc\u00ea quer seguran\u00e7a com n\u00edvel profissional para sua fam\u00edlia e seus pets, o pr\u00f3ximo passo \u00e9 simples. Solicite seu or\u00e7amento agora mesmo pelo site oficial da Seven Redes e tenha a tranquilidade de uma instala\u00e7\u00e3o certificada, sob medida e com garantia documentada. Porque quando o assunto \u00e9 proteger quem voc\u00ea ama, o<\/p>\n","protected":false},"author":1,"featured_media":3750,"comment_status":"open","ping_status":"open","sticky":false,"template":"","format":"standard","meta":{"footnotes":""},"categories":[2486],"tags":[2869,2896,2925,2871,2897,2924,2872,2876,2892,2888,2895,2890,2894,2891,2875,2874,2893,2883,2882,2880,2878,2885,2881,2889,2884,2886,2887,2870,2900,2904,2920,2916,2919,2917,2922,2918,2901,2903,2921,2912,2906,2910,2908,2909,2907,2913,2911,2914,2915,2898,2902,2899,2905,2877,2873,2879,2923,2931,2946,2942,2948,2941,2949,2945,2929,2928,2947,2938,2936,2934,2933,2937,2935,2944,2940,2939,2943,2926,2930,2927,2932],"class_list":["post-3757","post","type-post","status-publish","format-standard","has-post-thumbnail","hentry","category-rede-de-protecao","tag-fabrica-de-rede-de-protecao","tag-fabrica-de-rede-de-protecao-para-janela","tag-fabrica-de-tela-de-protecao-para-janela","tag-fornecedor-de-rede-de-protecao","tag-fornecedor-de-rede-de-protecao-para-janela","tag-fornecedor-de-tela-de-protecao-para-janela","tag-rede-de-protecao-comprar","tag-rede-de-protecao-direto-da-fabrica","tag-rede-de-protecao-em-diadema","tag-rede-de-protecao-em-guarulhos","tag-rede-de-protecao-em-osasco","tag-rede-de-protecao-em-santo-andre","tag-rede-de-protecao-em-sao-bernardo","tag-rede-de-protecao-em-sao-caetano","tag-rede-de-protecao-em-sao-paulo","tag-rede-de-protecao-em-sp","tag-rede-de-protecao-na-baixada-santista","tag-rede-de-protecao-na-vila-andrade","tag-rede-de-protecao-na-vila-das-belezas","tag-rede-de-protecao-na-vila-plana","tag-rede-de-protecao-na-zona-leste","tag-rede-de-protecao-na-zona-oeste","tag-rede-de-protecao-na-zona-sul","tag-rede-de-protecao-no-abc","tag-rede-de-protecao-no-campo-limpo","tag-rede-de-protecao-no-centro","tag-rede-de-protecao-no-jardim-sao-luis","tag-rede-de-protecao-onde-encontrar","tag-rede-de-protecao-para-janela-comprar","tag-rede-de-protecao-para-janela-direto-da-fabrica","tag-rede-de-protecao-para-janela-em-diadema","tag-rede-de-protecao-para-janela-em-guarulhos","tag-rede-de-protecao-para-janela-em-osasco","tag-rede-de-protecao-para-janela-em-santo-andre","tag-rede-de-protecao-para-janela-em-sao-bernardo","tag-rede-de-protecao-para-janela-em-sao-caetano","tag-rede-de-protecao-para-janela-em-sao-paulo","tag-rede-de-protecao-para-janela-em-sp","tag-rede-de-protecao-para-janela-na-baixada-santista","tag-rede-de-protecao-para-janela-na-vila-andrade","tag-rede-de-protecao-para-janela-na-vila-das-belezas","tag-rede-de-protecao-para-janela-na-vila-plana","tag-rede-de-protecao-para-janela-na-zona-leste","tag-rede-de-protecao-para-janela-na-zona-oeste","tag-rede-de-protecao-para-janela-na-zona-sul","tag-rede-de-protecao-para-janela-no-abc","tag-rede-de-protecao-para-janela-no-campo-limpo","tag-rede-de-protecao-para-janela-no-centro","tag-rede-de-protecao-para-janela-no-jardim-sao-luis","tag-rede-de-protecao-para-janela-onde-encontrar","tag-rede-de-protecao-para-janela-perto-de-mim","tag-rede-de-protecao-para-janela-preco","tag-rede-de-protecao-para-janela-proximo-a-mim","tag-rede-de-protecao-perto-de-mim","tag-rede-de-protecao-preco","tag-rede-de-protecao-proximo-a-mim","tag-tela-de-protecao-para-janela-comprar","tag-tela-de-protecao-para-janela-direto-da-fabrica","tag-tela-de-protecao-para-janela-em-diadema","tag-tela-de-protecao-para-janela-em-guarulhos","tag-tela-de-protecao-para-janela-em-osasco","tag-tela-de-protecao-para-janela-em-santo-andre","tag-tela-de-protecao-para-janela-em-sao-bernardo","tag-tela-de-protecao-para-janela-em-sao-caetano","tag-tela-de-protecao-para-janela-em-sao-paulo","tag-tela-de-protecao-para-janela-em-sp","tag-tela-de-protecao-para-janela-na-baixada-santista","tag-tela-de-protecao-para-janela-na-vila-andrade","tag-tela-de-protecao-para-janela-na-vila-das-belezas","tag-tela-de-protecao-para-janela-na-vila-plana","tag-tela-de-protecao-para-janela-na-zona-leste","tag-tela-de-protecao-para-janela-na-zona-oeste","tag-tela-de-protecao-para-janela-na-zona-sul","tag-tela-de-protecao-para-janela-no-abc","tag-tela-de-protecao-para-janela-no-campo-limpo","tag-tela-de-protecao-para-janela-no-centro","tag-tela-de-protecao-para-janela-no-jardim-sao-luis","tag-tela-de-protecao-para-janela-onde-encontrar","tag-tela-de-protecao-para-janela-perto-de-mim","tag-tela-de-protecao-para-janela-preco","tag-tela-de-protecao-para-janela-proximo-a-mim"],"yoast_head":"<!-- This site is optimized with the Yoast SEO plugin v26.8 - https:\/\/yoast.com\/product\/yoast-seo-wordpress\/ -->\n<title>Onde comprar rede de prote\u00e7\u00e3o com instala\u00e7\u00e3o t\u00e9cnica e garantia em SP<\/title>\n<meta name=\"description\" content=\"Saiba onde comprar rede de prote\u00e7\u00e3o em S\u00e3o Paulo com instala\u00e7\u00e3o certificada NBR 16046, garantia e seguran\u00e7a para crian\u00e7as e pets.\" \/>\n<meta name=\"robots\" content=\"index, follow, max-snippet:-1, max-image-preview:large, max-video-preview:-1\" \/>\n<link rel=\"canonical\" href=\"https:\/\/www.sevenredes.com.br\/blog\/onde-comprar-rede-de-protecao-com-instalacao-tecnica-e-garantia-em-sp\/\" \/>\n<meta property=\"og:locale\" content=\"pt_BR\" \/>\n<meta property=\"og:type\" content=\"article\" \/>\n<meta property=\"og:title\" content=\"Onde comprar rede de prote\u00e7\u00e3o com instala\u00e7\u00e3o t\u00e9cnica e garantia em SP\" \/>\n<meta property=\"og:description\" content=\"Saiba onde comprar rede de prote\u00e7\u00e3o em S\u00e3o Paulo com instala\u00e7\u00e3o certificada NBR 16046, garantia e seguran\u00e7a para crian\u00e7as e pets.\" \/>\n<meta property=\"og:url\" content=\"https:\/\/www.sevenredes.com.br\/blog\/onde-comprar-rede-de-protecao-com-instalacao-tecnica-e-garantia-em-sp\/\" \/>\n<meta property=\"og:site_name\" content=\"Blog\" \/>\n<meta property=\"article:published_time\" content=\"2026-04-15T13:43:24+00:00\" \/>\n<meta property=\"article:modified_time\" content=\"2026-04-15T13:43:52+00:00\" \/>\n<meta property=\"og:image\" content=\"https:\/\/www.sevenredes.com.br\/blog\/wp-content\/uploads\/2026\/03\/ChatGPT-Image-9-de-mar.-de-2026-11_25_55.jpg\" \/>\n\t<meta property=\"og:image:width\" content=\"1024\" \/>\n\t<meta property=\"og:image:height\" content=\"1536\" \/>\n\t<meta property=\"og:image:type\" content=\"image\/jpeg\" \/>\n<meta name=\"author\" content=\"admin\" \/>\n<meta name=\"twitter:card\" content=\"summary_large_image\" \/>\n<meta name=\"twitter:label1\" content=\"Escrito por\" \/>\n\t<meta name=\"twitter:data1\" content=\"admin\" \/>\n\t<meta name=\"twitter:label2\" content=\"Est. tempo de leitura\" \/>\n\t<meta name=\"twitter:data2\" content=\"7 minutos\" \/>\n<script type=\"application\/ld+json\" class=\"yoast-schema-graph\">{\"@context\":\"https:\/\/schema.org\",\"@graph\":[{\"@type\":\"Article\",\"@id\":\"https:\/\/www.sevenredes.com.br\/blog\/onde-comprar-rede-de-protecao-com-instalacao-tecnica-e-garantia-em-sp\/#article\",\"isPartOf\":{\"@id\":\"https:\/\/www.sevenredes.com.br\/blog\/onde-comprar-rede-de-protecao-com-instalacao-tecnica-e-garantia-em-sp\/\"},\"author\":{\"name\":\"admin\",\"@id\":\"https:\/\/www.sevenredes.com.br\/blog\/#\/schema\/person\/c880fdb41f1fd4f705873d88767c117d\"},\"headline\":\"Onde comprar rede de prote\u00e7\u00e3o com instala\u00e7\u00e3o t\u00e9cnica e garantia em S\u00e3o Paulo\",\"datePublished\":\"2026-04-15T13:43:24+00:00\",\"dateModified\":\"2026-04-15T13:43:52+00:00\",\"mainEntityOfPage\":{\"@id\":\"https:\/\/www.sevenredes.com.br\/blog\/onde-comprar-rede-de-protecao-com-instalacao-tecnica-e-garantia-em-sp\/\"},\"wordCount\":1264,\"commentCount\":0,\"publisher\":{\"@id\":\"https:\/\/www.sevenredes.com.br\/blog\/#organization\"},\"image\":{\"@id\":\"https:\/\/www.sevenredes.com.br\/blog\/onde-comprar-rede-de-protecao-com-instalacao-tecnica-e-garantia-em-sp\/#primaryimage\"},\"thumbnailUrl\":\"https:\/\/www.sevenredes.com.br\/blog\/wp-content\/uploads\/2026\/03\/ChatGPT-Image-9-de-mar.-de-2026-11_25_55.jpg\",\"keywords\":[\"f\u00e1brica de rede de prote\u00e7\u00e3o\",\"f\u00e1brica de rede de prote\u00e7\u00e3o para janela\",\"f\u00e1brica de tela de prote\u00e7\u00e3o para janela\",\"fornecedor de rede de prote\u00e7\u00e3o\",\"fornecedor de rede de prote\u00e7\u00e3o para janela\",\"fornecedor de tela de prote\u00e7\u00e3o para janela\",\"rede de prote\u00e7\u00e3o comprar\",\"rede de prote\u00e7\u00e3o direto da fabrica\",\"rede de prote\u00e7\u00e3o em Diadema\",\"rede de prote\u00e7\u00e3o em Guarulhos\",\"rede de prote\u00e7\u00e3o em Osasco\",\"rede de prote\u00e7\u00e3o em Santo Andr\u00e9\",\"rede de prote\u00e7\u00e3o em S\u00e3o Bernardo\",\"rede de prote\u00e7\u00e3o em S\u00e3o Caetano\",\"rede de prote\u00e7\u00e3o em s\u00e3o paulo\",\"rede de prote\u00e7\u00e3o em sp\",\"rede de prote\u00e7\u00e3o na baixada santista\",\"rede de prote\u00e7\u00e3o na Vila Andrade\",\"rede de prote\u00e7\u00e3o na Vila das Belezas\",\"rede de prote\u00e7\u00e3o na Vila Plana\",\"rede de prote\u00e7\u00e3o na zona leste\",\"rede de prote\u00e7\u00e3o na zona oeste\",\"rede de prote\u00e7\u00e3o na zona sul\",\"rede de prote\u00e7\u00e3o no ABC\",\"rede de prote\u00e7\u00e3o no Campo Limpo\",\"rede de prote\u00e7\u00e3o no centro\",\"rede de prote\u00e7\u00e3o no Jardim S\u00e3o Luis\",\"rede de prote\u00e7\u00e3o onde encontrar\",\"rede de prote\u00e7\u00e3o para janela comprar\",\"rede de prote\u00e7\u00e3o para janela direto da fabrica\",\"rede de prote\u00e7\u00e3o para janela em Diadema\",\"rede de prote\u00e7\u00e3o para janela em Guarulhos\",\"rede de prote\u00e7\u00e3o para janela em Osasco\",\"rede de prote\u00e7\u00e3o para janela em Santo Andr\u00e9\",\"rede de prote\u00e7\u00e3o para janela em S\u00e3o Bernardo\",\"rede de prote\u00e7\u00e3o para janela em S\u00e3o Caetano\",\"rede de prote\u00e7\u00e3o para janela em s\u00e3o paulo\",\"rede de prote\u00e7\u00e3o para janela em sp\",\"rede de prote\u00e7\u00e3o para janela na baixada santista\",\"rede de prote\u00e7\u00e3o para janela na Vila Andrade\",\"rede de prote\u00e7\u00e3o para janela na Vila das Belezas\",\"rede de prote\u00e7\u00e3o para janela na Vila Plana\",\"rede de prote\u00e7\u00e3o para janela na zona leste\",\"rede de prote\u00e7\u00e3o para janela na zona oeste\",\"rede de prote\u00e7\u00e3o para janela na zona sul\",\"rede de prote\u00e7\u00e3o para janela no ABC\",\"rede de prote\u00e7\u00e3o para janela no Campo Limpo\",\"rede de prote\u00e7\u00e3o para janela no centro\",\"rede de prote\u00e7\u00e3o para janela no Jardim S\u00e3o Luis\",\"rede de prote\u00e7\u00e3o para janela onde encontrar\",\"rede de prote\u00e7\u00e3o para janela perto de mim\",\"rede de prote\u00e7\u00e3o para janela pre\u00e7o\",\"rede de prote\u00e7\u00e3o para janela pr\u00f3ximo a mim\",\"rede de prote\u00e7\u00e3o perto de mim\",\"rede de prote\u00e7\u00e3o pre\u00e7o\",\"rede de prote\u00e7\u00e3o pr\u00f3ximo a mim\",\"tela de prote\u00e7\u00e3o para janela comprar\",\"tela de prote\u00e7\u00e3o para janela direto da fabrica\",\"tela de prote\u00e7\u00e3o para janela em Diadema\",\"tela de prote\u00e7\u00e3o para janela em Guarulhos\",\"tela de prote\u00e7\u00e3o para janela em Osasco\",\"tela de prote\u00e7\u00e3o para janela em Santo Andr\u00e9\",\"tela de prote\u00e7\u00e3o para janela em S\u00e3o Bernardo\",\"tela de prote\u00e7\u00e3o para janela em S\u00e3o Caetano\",\"tela de prote\u00e7\u00e3o para janela em s\u00e3o paulo\",\"tela de prote\u00e7\u00e3o para janela em sp\",\"tela de prote\u00e7\u00e3o para janela na baixada santista\",\"tela de prote\u00e7\u00e3o para janela na Vila Andrade\",\"tela de prote\u00e7\u00e3o para janela na Vila das Belezas\",\"tela de prote\u00e7\u00e3o para janela na Vila Plana\",\"tela de prote\u00e7\u00e3o para janela na zona leste\",\"tela de prote\u00e7\u00e3o para janela na zona oeste\",\"tela de prote\u00e7\u00e3o para janela na zona sul\",\"tela de prote\u00e7\u00e3o para janela no ABC\",\"tela de prote\u00e7\u00e3o para janela no Campo Limpo\",\"tela de prote\u00e7\u00e3o para janela no centro\",\"tela de prote\u00e7\u00e3o para janela no Jardim S\u00e3o Luis\",\"tela de prote\u00e7\u00e3o para janela onde encontrar\",\"tela de prote\u00e7\u00e3o para janela perto de mim\",\"tela de prote\u00e7\u00e3o para janela pre\u00e7o\",\"tela de prote\u00e7\u00e3o para janela pr\u00f3ximo a mim\"],\"articleSection\":[\"rede de prote\u00e7\u00e3o\"],\"inLanguage\":\"pt-BR\",\"potentialAction\":[{\"@type\":\"CommentAction\",\"name\":\"Comment\",\"target\":[\"https:\/\/www.sevenredes.com.br\/blog\/onde-comprar-rede-de-protecao-com-instalacao-tecnica-e-garantia-em-sp\/#respond\"]}]},{\"@type\":\"WebPage\",\"@id\":\"https:\/\/www.sevenredes.com.br\/blog\/onde-comprar-rede-de-protecao-com-instalacao-tecnica-e-garantia-em-sp\/\",\"url\":\"https:\/\/www.sevenredes.com.br\/blog\/onde-comprar-rede-de-protecao-com-instalacao-tecnica-e-garantia-em-sp\/\",\"name\":\"Onde comprar rede de prote\u00e7\u00e3o com instala\u00e7\u00e3o t\u00e9cnica e garantia em SP\",\"isPartOf\":{\"@id\":\"https:\/\/www.sevenredes.com.br\/blog\/#website\"},\"primaryImageOfPage\":{\"@id\":\"https:\/\/www.sevenredes.com.br\/blog\/onde-comprar-rede-de-protecao-com-instalacao-tecnica-e-garantia-em-sp\/#primaryimage\"},\"image\":{\"@id\":\"https:\/\/www.sevenredes.com.br\/blog\/onde-comprar-rede-de-protecao-com-instalacao-tecnica-e-garantia-em-sp\/#primaryimage\"},\"thumbnailUrl\":\"https:\/\/www.sevenredes.com.br\/blog\/wp-content\/uploads\/2026\/03\/ChatGPT-Image-9-de-mar.-de-2026-11_25_55.jpg\",\"datePublished\":\"2026-04-15T13:43:24+00:00\",\"dateModified\":\"2026-04-15T13:43:52+00:00\",\"description\":\"Saiba onde comprar rede de prote\u00e7\u00e3o em S\u00e3o Paulo com instala\u00e7\u00e3o certificada NBR 16046, garantia e seguran\u00e7a para crian\u00e7as e pets.\",\"breadcrumb\":{\"@id\":\"https:\/\/www.sevenredes.com.br\/blog\/onde-comprar-rede-de-protecao-com-instalacao-tecnica-e-garantia-em-sp\/#breadcrumb\"},\"inLanguage\":\"pt-BR\",\"potentialAction\":[{\"@type\":\"ReadAction\",\"target\":[\"https:\/\/www.sevenredes.com.br\/blog\/onde-comprar-rede-de-protecao-com-instalacao-tecnica-e-garantia-em-sp\/\"]}]},{\"@type\":\"ImageObject\",\"inLanguage\":\"pt-BR\",\"@id\":\"https:\/\/www.sevenredes.com.br\/blog\/onde-comprar-rede-de-protecao-com-instalacao-tecnica-e-garantia-em-sp\/#primaryimage\",\"url\":\"https:\/\/www.sevenredes.com.br\/blog\/wp-content\/uploads\/2026\/03\/ChatGPT-Image-9-de-mar.-de-2026-11_25_55.jpg\",\"contentUrl\":\"https:\/\/www.sevenredes.com.br\/blog\/wp-content\/uploads\/2026\/03\/ChatGPT-Image-9-de-mar.-de-2026-11_25_55.jpg\",\"width\":1024,\"height\":1536,\"caption\":\"Onde comprar rede de prote\u00e7\u00e3o com instala\u00e7\u00e3o t\u00e9cnica e garantia em S\u00e3o Paulo\"},{\"@type\":\"BreadcrumbList\",\"@id\":\"https:\/\/www.sevenredes.com.br\/blog\/onde-comprar-rede-de-protecao-com-instalacao-tecnica-e-garantia-em-sp\/#breadcrumb\",\"itemListElement\":[{\"@type\":\"ListItem\",\"position\":1,\"name\":\"In\u00edcio\",\"item\":\"https:\/\/www.sevenredes.com.br\/blog\/\"},{\"@type\":\"ListItem\",\"position\":2,\"name\":\"Onde comprar rede de prote\u00e7\u00e3o com instala\u00e7\u00e3o t\u00e9cnica e garantia em S\u00e3o Paulo\"}]},{\"@type\":\"WebSite\",\"@id\":\"https:\/\/www.sevenredes.com.br\/blog\/#website\",\"url\":\"https:\/\/www.sevenredes.com.br\/blog\/\",\"name\":\"Blog\",\"description\":\"\",\"publisher\":{\"@id\":\"https:\/\/www.sevenredes.com.br\/blog\/#organization\"},\"potentialAction\":[{\"@type\":\"SearchAction\",\"target\":{\"@type\":\"EntryPoint\",\"urlTemplate\":\"https:\/\/www.sevenredes.com.br\/blog\/?s={search_term_string}\"},\"query-input\":{\"@type\":\"PropertyValueSpecification\",\"valueRequired\":true,\"valueName\":\"search_term_string\"}}],\"inLanguage\":\"pt-BR\"},{\"@type\":\"Organization\",\"@id\":\"https:\/\/www.sevenredes.com.br\/blog\/#organization\",\"name\":\"Blog\",\"url\":\"https:\/\/www.sevenredes.com.br\/blog\/\",\"logo\":{\"@type\":\"ImageObject\",\"inLanguage\":\"pt-BR\",\"@id\":\"https:\/\/www.sevenredes.com.br\/blog\/#\/schema\/logo\/image\/\",\"url\":\"https:\/\/www.sevenredes.com.br\/blog\/wp-content\/uploads\/2026\/01\/logo-1.webp\",\"contentUrl\":\"https:\/\/www.sevenredes.com.br\/blog\/wp-content\/uploads\/2026\/01\/logo-1.webp\",\"width\":761,\"height\":316,\"caption\":\"Blog\"},\"image\":{\"@id\":\"https:\/\/www.sevenredes.com.br\/blog\/#\/schema\/logo\/image\/\"}},{\"@type\":\"Person\",\"@id\":\"https:\/\/www.sevenredes.com.br\/blog\/#\/schema\/person\/c880fdb41f1fd4f705873d88767c117d\",\"name\":\"admin\",\"image\":{\"@type\":\"ImageObject\",\"inLanguage\":\"pt-BR\",\"@id\":\"https:\/\/www.sevenredes.com.br\/blog\/#\/schema\/person\/image\/\",\"url\":\"https:\/\/secure.gravatar.com\/avatar\/d2abb7e535a7590a6f9b76c75c90ec5441db3a04a205e6d66ecabfb80081f172?s=96&d=mm&r=g\",\"contentUrl\":\"https:\/\/secure.gravatar.com\/avatar\/d2abb7e535a7590a6f9b76c75c90ec5441db3a04a205e6d66ecabfb80081f172?s=96&d=mm&r=g\",\"caption\":\"admin\"},\"sameAs\":[\"https:\/\/sevenredes.com.br\/blog\"],\"url\":\"https:\/\/www.sevenredes.com.br\/blog\/author\/admin\/\"}]}<\/script>\n<!-- \/ Yoast SEO plugin. -->","yoast_head_json":{"title":"Onde comprar rede de prote\u00e7\u00e3o com instala\u00e7\u00e3o t\u00e9cnica e garantia em SP","description":"Saiba onde comprar rede de prote\u00e7\u00e3o em S\u00e3o Paulo com instala\u00e7\u00e3o certificada NBR 16046, garantia e seguran\u00e7a para crian\u00e7as e pets.","robots":{"index":"index","follow":"follow","max-snippet":"max-snippet:-1","max-image-preview":"max-image-preview:large","max-video-preview":"max-video-preview:-1"},"canonical":"https:\/\/www.sevenredes.com.br\/blog\/onde-comprar-rede-de-protecao-com-instalacao-tecnica-e-garantia-em-sp\/","og_locale":"pt_BR","og_type":"article","og_title":"Onde comprar rede de prote\u00e7\u00e3o com instala\u00e7\u00e3o t\u00e9cnica e garantia em SP","og_description":"Saiba onde comprar rede de prote\u00e7\u00e3o em S\u00e3o Paulo com instala\u00e7\u00e3o certificada NBR 16046, garantia e seguran\u00e7a para crian\u00e7as e pets.","og_url":"https:\/\/www.sevenredes.com.br\/blog\/onde-comprar-rede-de-protecao-com-instalacao-tecnica-e-garantia-em-sp\/","og_site_name":"Blog","article_published_time":"2026-04-15T13:43:24+00:00","article_modified_time":"2026-04-15T13:43:52+00:00","og_image":[{"width":1024,"height":1536,"url":"https:\/\/www.sevenredes.com.br\/blog\/wp-content\/uploads\/2026\/03\/ChatGPT-Image-9-de-mar.-de-2026-11_25_55.jpg","type":"image\/jpeg"}],"author":"admin","twitter_card":"summary_large_image","twitter_misc":{"Escrito por":"admin","Est. tempo de leitura":"7 minutos"},"schema":{"@context":"https:\/\/schema.org","@graph":[{"@type":"Article","@id":"https:\/\/www.sevenredes.com.br\/blog\/onde-comprar-rede-de-protecao-com-instalacao-tecnica-e-garantia-em-sp\/#article","isPartOf":{"@id":"https:\/\/www.sevenredes.com.br\/blog\/onde-comprar-rede-de-protecao-com-instalacao-tecnica-e-garantia-em-sp\/"},"author":{"name":"admin","@id":"https:\/\/www.sevenredes.com.br\/blog\/#\/schema\/person\/c880fdb41f1fd4f705873d88767c117d"},"headline":"Onde comprar rede de prote\u00e7\u00e3o com instala\u00e7\u00e3o t\u00e9cnica e garantia em S\u00e3o Paulo","datePublished":"2026-04-15T13:43:24+00:00","dateModified":"2026-04-15T13:43:52+00:00","mainEntityOfPage":{"@id":"https:\/\/www.sevenredes.com.br\/blog\/onde-comprar-rede-de-protecao-com-instalacao-tecnica-e-garantia-em-sp\/"},"wordCount":1264,"commentCount":0,"publisher":{"@id":"https:\/\/www.sevenredes.com.br\/blog\/#organization"},"image":{"@id":"https:\/\/www.sevenredes.com.br\/blog\/onde-comprar-rede-de-protecao-com-instalacao-tecnica-e-garantia-em-sp\/#primaryimage"},"thumbnailUrl":"https:\/\/www.sevenredes.com.br\/blog\/wp-content\/uploads\/2026\/03\/ChatGPT-Image-9-de-mar.-de-2026-11_25_55.jpg","keywords":["f\u00e1brica de rede de prote\u00e7\u00e3o","f\u00e1brica de rede de prote\u00e7\u00e3o para janela","f\u00e1brica de tela de prote\u00e7\u00e3o para janela","fornecedor de rede de prote\u00e7\u00e3o","fornecedor de rede de prote\u00e7\u00e3o para janela","fornecedor de tela de prote\u00e7\u00e3o para janela","rede de prote\u00e7\u00e3o comprar","rede de prote\u00e7\u00e3o direto da fabrica","rede de prote\u00e7\u00e3o em Diadema","rede de prote\u00e7\u00e3o em Guarulhos","rede de prote\u00e7\u00e3o em Osasco","rede de prote\u00e7\u00e3o em Santo Andr\u00e9","rede de prote\u00e7\u00e3o em S\u00e3o Bernardo","rede de prote\u00e7\u00e3o em S\u00e3o Caetano","rede de prote\u00e7\u00e3o em s\u00e3o paulo","rede de prote\u00e7\u00e3o em sp","rede de prote\u00e7\u00e3o na baixada santista","rede de prote\u00e7\u00e3o na Vila Andrade","rede de prote\u00e7\u00e3o na Vila das Belezas","rede de prote\u00e7\u00e3o na Vila Plana","rede de prote\u00e7\u00e3o na zona leste","rede de prote\u00e7\u00e3o na zona oeste","rede de prote\u00e7\u00e3o na zona sul","rede de prote\u00e7\u00e3o no ABC","rede de prote\u00e7\u00e3o no Campo Limpo","rede de prote\u00e7\u00e3o no centro","rede de prote\u00e7\u00e3o no Jardim S\u00e3o Luis","rede de prote\u00e7\u00e3o onde encontrar","rede de prote\u00e7\u00e3o para janela comprar","rede de prote\u00e7\u00e3o para janela direto da fabrica","rede de prote\u00e7\u00e3o para janela em Diadema","rede de prote\u00e7\u00e3o para janela em Guarulhos","rede de prote\u00e7\u00e3o para janela em Osasco","rede de prote\u00e7\u00e3o para janela em Santo Andr\u00e9","rede de prote\u00e7\u00e3o para janela em S\u00e3o Bernardo","rede de prote\u00e7\u00e3o para janela em S\u00e3o Caetano","rede de prote\u00e7\u00e3o para janela em s\u00e3o paulo","rede de prote\u00e7\u00e3o para janela em sp","rede de prote\u00e7\u00e3o para janela na baixada santista","rede de prote\u00e7\u00e3o para janela na Vila Andrade","rede de prote\u00e7\u00e3o para janela na Vila das Belezas","rede de prote\u00e7\u00e3o para janela na Vila Plana","rede de prote\u00e7\u00e3o para janela na zona leste","rede de prote\u00e7\u00e3o para janela na zona oeste","rede de prote\u00e7\u00e3o para janela na zona sul","rede de prote\u00e7\u00e3o para janela no ABC","rede de prote\u00e7\u00e3o para janela no Campo Limpo","rede de prote\u00e7\u00e3o para janela no centro","rede de prote\u00e7\u00e3o para janela no Jardim S\u00e3o Luis","rede de prote\u00e7\u00e3o para janela onde encontrar","rede de prote\u00e7\u00e3o para janela perto de mim","rede de prote\u00e7\u00e3o para janela pre\u00e7o","rede de prote\u00e7\u00e3o para janela pr\u00f3ximo a mim","rede de prote\u00e7\u00e3o perto de mim","rede de prote\u00e7\u00e3o pre\u00e7o","rede de prote\u00e7\u00e3o pr\u00f3ximo a mim","tela de prote\u00e7\u00e3o para janela comprar","tela de prote\u00e7\u00e3o para janela direto da fabrica","tela de prote\u00e7\u00e3o para janela em Diadema","tela de prote\u00e7\u00e3o para janela em Guarulhos","tela de prote\u00e7\u00e3o para janela em Osasco","tela de prote\u00e7\u00e3o para janela em Santo Andr\u00e9","tela de prote\u00e7\u00e3o para janela em S\u00e3o Bernardo","tela de prote\u00e7\u00e3o para janela em S\u00e3o Caetano","tela de prote\u00e7\u00e3o para janela em s\u00e3o paulo","tela de prote\u00e7\u00e3o para janela em sp","tela de prote\u00e7\u00e3o para janela na baixada santista","tela de prote\u00e7\u00e3o para janela na Vila Andrade","tela de prote\u00e7\u00e3o para janela na Vila das Belezas","tela de prote\u00e7\u00e3o para janela na Vila Plana","tela de prote\u00e7\u00e3o para janela na zona leste","tela de prote\u00e7\u00e3o para janela na zona oeste","tela de prote\u00e7\u00e3o para janela na zona sul","tela de prote\u00e7\u00e3o para janela no ABC","tela de prote\u00e7\u00e3o para janela no Campo Limpo","tela de prote\u00e7\u00e3o para janela no centro","tela de prote\u00e7\u00e3o para janela no Jardim S\u00e3o Luis","tela de prote\u00e7\u00e3o para janela onde encontrar","tela de prote\u00e7\u00e3o para janela perto de mim","tela de prote\u00e7\u00e3o para janela pre\u00e7o","tela de prote\u00e7\u00e3o para janela pr\u00f3ximo a mim"],"articleSection":["rede de prote\u00e7\u00e3o"],"inLanguage":"pt-BR","potentialAction":[{"@type":"CommentAction","name":"Comment","target":["https:\/\/www.sevenredes.com.br\/blog\/onde-comprar-rede-de-protecao-com-instalacao-tecnica-e-garantia-em-sp\/#respond"]}]},{"@type":"WebPage","@id":"https:\/\/www.sevenredes.com.br\/blog\/onde-comprar-rede-de-protecao-com-instalacao-tecnica-e-garantia-em-sp\/","url":"https:\/\/www.sevenredes.com.br\/blog\/onde-comprar-rede-de-protecao-com-instalacao-tecnica-e-garantia-em-sp\/","name":"Onde comprar rede de prote\u00e7\u00e3o com instala\u00e7\u00e3o t\u00e9cnica e garantia em SP","isPartOf":{"@id":"https:\/\/www.sevenredes.com.br\/blog\/#website"},"primaryImageOfPage":{"@id":"https:\/\/www.sevenredes.com.br\/blog\/onde-comprar-rede-de-protecao-com-instalacao-tecnica-e-garantia-em-sp\/#primaryimage"},"image":{"@id":"https:\/\/www.sevenredes.com.br\/blog\/onde-comprar-rede-de-protecao-com-instalacao-tecnica-e-garantia-em-sp\/#primaryimage"},"thumbnailUrl":"https:\/\/www.sevenredes.com.br\/blog\/wp-content\/uploads\/2026\/03\/ChatGPT-Image-9-de-mar.-de-2026-11_25_55.jpg","datePublished":"2026-04-15T13:43:24+00:00","dateModified":"2026-04-15T13:43:52+00:00","description":"Saiba onde comprar rede de prote\u00e7\u00e3o em S\u00e3o Paulo com instala\u00e7\u00e3o certificada NBR 16046, garantia e seguran\u00e7a para crian\u00e7as e pets.","breadcrumb":{"@id":"https:\/\/www.sevenredes.com.br\/blog\/onde-comprar-rede-de-protecao-com-instalacao-tecnica-e-garantia-em-sp\/#breadcrumb"},"inLanguage":"pt-BR","potentialAction":[{"@type":"ReadAction","target":["https:\/\/www.sevenredes.com.br\/blog\/onde-comprar-rede-de-protecao-com-instalacao-tecnica-e-garantia-em-sp\/"]}]},{"@type":"ImageObject","inLanguage":"pt-BR","@id":"https:\/\/www.sevenredes.com.br\/blog\/onde-comprar-rede-de-protecao-com-instalacao-tecnica-e-garantia-em-sp\/#primaryimage","url":"https:\/\/www.sevenredes.com.br\/blog\/wp-content\/uploads\/2026\/03\/ChatGPT-Image-9-de-mar.-de-2026-11_25_55.jpg","contentUrl":"https:\/\/www.sevenredes.com.br\/blog\/wp-content\/uploads\/2026\/03\/ChatGPT-Image-9-de-mar.-de-2026-11_25_55.jpg","width":1024,"height":1536,"caption":"Onde comprar rede de prote\u00e7\u00e3o com instala\u00e7\u00e3o t\u00e9cnica e garantia em S\u00e3o Paulo"},{"@type":"BreadcrumbList","@id":"https:\/\/www.sevenredes.com.br\/blog\/onde-comprar-rede-de-protecao-com-instalacao-tecnica-e-garantia-em-sp\/#breadcrumb","itemListElement":[{"@type":"ListItem","position":1,"name":"In\u00edcio","item":"https:\/\/www.sevenredes.com.br\/blog\/"},{"@type":"ListItem","position":2,"name":"Onde comprar rede de prote\u00e7\u00e3o com instala\u00e7\u00e3o t\u00e9cnica e garantia em S\u00e3o Paulo"}]},{"@type":"WebSite","@id":"https:\/\/www.sevenredes.com.br\/blog\/#website","url":"https:\/\/www.sevenredes.com.br\/blog\/","name":"Blog","description":"","publisher":{"@id":"https:\/\/www.sevenredes.com.br\/blog\/#organization"},"potentialAction":[{"@type":"SearchAction","target":{"@type":"EntryPoint","urlTemplate":"https:\/\/www.sevenredes.com.br\/blog\/?s={search_term_string}"},"query-input":{"@type":"PropertyValueSpecification","valueRequired":true,"valueName":"search_term_string"}}],"inLanguage":"pt-BR"},{"@type":"Organization","@id":"https:\/\/www.sevenredes.com.br\/blog\/#organization","name":"Blog","url":"https:\/\/www.sevenredes.com.br\/blog\/","logo":{"@type":"ImageObject","inLanguage":"pt-BR","@id":"https:\/\/www.sevenredes.com.br\/blog\/#\/schema\/logo\/image\/","url":"https:\/\/www.sevenredes.com.br\/blog\/wp-content\/uploads\/2026\/01\/logo-1.webp","contentUrl":"https:\/\/www.sevenredes.com.br\/blog\/wp-content\/uploads\/2026\/01\/logo-1.webp","width":761,"height":316,"caption":"Blog"},"image":{"@id":"https:\/\/www.sevenredes.com.br\/blog\/#\/schema\/logo\/image\/"}},{"@type":"Person","@id":"https:\/\/www.sevenredes.com.br\/blog\/#\/schema\/person\/c880fdb41f1fd4f705873d88767c117d","name":"admin","image":{"@type":"ImageObject","inLanguage":"pt-BR","@id":"https:\/\/www.sevenredes.com.br\/blog\/#\/schema\/person\/image\/","url":"https:\/\/secure.gravatar.com\/avatar\/d2abb7e535a7590a6f9b76c75c90ec5441db3a04a205e6d66ecabfb80081f172?s=96&d=mm&r=g","contentUrl":"https:\/\/secure.gravatar.com\/avatar\/d2abb7e535a7590a6f9b76c75c90ec5441db3a04a205e6d66ecabfb80081f172?s=96&d=mm&r=g","caption":"admin"},"sameAs":["https:\/\/sevenredes.com.br\/blog"],"url":"https:\/\/www.sevenredes.com.br\/blog\/author\/admin\/"}]}},"_links":{"self":[{"href":"https:\/\/www.sevenredes.com.br\/blog\/wp-json\/wp\/v2\/posts\/3757","targetHints":{"allow":["GET"]}}],"collection":[{"href":"https:\/\/www.sevenredes.com.br\/blog\/wp-json\/wp\/v2\/posts"}],"about":[{"href":"https:\/\/www.sevenredes.com.br\/blog\/wp-json\/wp\/v2\/types\/post"}],"author":[{"embeddable":true,"href":"https:\/\/www.sevenredes.com.br\/blog\/wp-json\/wp\/v2\/users\/1"}],"replies":[{"embeddable":true,"href":"https:\/\/www.sevenredes.com.br\/blog\/wp-json\/wp\/v2\/comments?post=3757"}],"version-history":[{"count":1,"href":"https:\/\/www.sevenredes.com.br\/blog\/wp-json\/wp\/v2\/posts\/3757\/revisions"}],"predecessor-version":[{"id":3758,"href":"https:\/\/www.sevenredes.com.br\/blog\/wp-json\/wp\/v2\/posts\/3757\/revisions\/3758"}],"wp:featuredmedia":[{"embeddable":true,"href":"https:\/\/www.sevenredes.com.br\/blog\/wp-json\/wp\/v2\/media\/3750"}],"wp:attachment":[{"href":"https:\/\/www.sevenredes.com.br\/blog\/wp-json\/wp\/v2\/media?parent=3757"}],"wp:term":[{"taxonomy":"category","embeddable":true,"href":"https:\/\/www.sevenredes.com.br\/blog\/wp-json\/wp\/v2\/categories?post=3757"},{"taxonomy":"post_tag","embeddable":true,"href":"https:\/\/www.sevenredes.com.br\/blog\/wp-json\/wp\/v2\/tags?post=3757"}],"curies":[{"name":"wp","href":"https:\/\/api.w.org\/{rel}","templated":true}]}}